{"id":93176,"date":"2024-01-18T12:59:17","date_gmt":"2024-01-18T17:59:17","guid":{"rendered":"https:\/\/sertv.gob.pa\/nacionalfm\/?p=93176"},"modified":"2024-01-18T12:59:17","modified_gmt":"2024-01-18T17:59:17","slug":"hallan-los-cuerpos-de-tres-hermanos-de-avanzada-edad-con-signos-de-violencia-en-madrid","status":"publish","type":"post","link":"https:\/\/sertv.gob.pa\/nacionalfm\/hallan-los-cuerpos-de-tres-hermanos-de-avanzada-edad-con-signos-de-violencia-en-madrid\/","title":{"rendered":"Hallan los cuerpos de tres hermanos de avanzada edad con signos de violencia en Madrid"},"content":{"rendered":"<p><strong><em>Madrid (EFE).-<\/em><\/strong> Las fuerzas de seguridad han hallado este jueves los cad\u00e1veres de tres hermanos de avanzada edad con signos de violencia en su domicilio de la localidad madrile\u00f1a de Morata de Taju\u00f1a, seg\u00fan ha informado la Guardia Civil.<\/p>\n<p>Fuentes municipales han apuntado a EFE que los cuerpos localizados en el interior de la vivienda corresponden a dos mujeres y un hombre de entre 70 y 80 a\u00f1os.<\/p>\n<p>Han sido los vecinos quienes dieron la voz de alarma al alcalde, avis\u00e1ndole de que llevaban varias semanas sin ver a estos hermanos, lo que les resultaba extra\u00f1o.<\/p>\n<p>Por ello, se ha personado la Polic\u00eda local junto con la Guardia Civil y han encontrado los cuerpos del hombre (el mayor de los tres) y las dos mujeres, quienes llevaban muchos a\u00f1os residiendo en una casa baja en la avenida Pr\u00edncipes de Espa\u00f1a de la localidad.<\/p>\n<p>Agentes de Homicidios de la Guardia Civil se han hecho cargo de la investigaci\u00f3n.<\/p>\n<p><strong>Se investiga si fueron asesinados por deudas<\/strong><\/p>\n<p>La Guardia Civil investiga si las v\u00edctimas pudieron ser asesinadas en un ajuste de cuentas por las deudas que hab\u00edan contra\u00eddo con algunos conocidos.<\/p>\n<p>Fuentes pr\u00f3ximas a la investigaci\u00f3n han indicado a EFE que esta es una de las hip\u00f3tesis con las que ya trabajan los agentes de Homicidios de la Guardia Civil que se han hecho cargo de las pesquisas sobre estas muertes y que se encuentran ya recabando indicios para esclarecer lo sucedido en la vivienda.<\/p>\n<p>Sobre las 11.30 horas, los efectivos de Polic\u00eda Judicial de Arganda del Rey de la Guardia civil han encontrado los tres cuerpos parcialmente quemados, apilados y con restos de sangre, seg\u00fan han a\u00f1adido a EFE las fuentes consultadas.<\/p>\n<p>Los tres hermanos hab\u00edan pedido pr\u00e9stamos a conocidos con la intenci\u00f3n de reponer lo prestado una vez cobraran una herencia, pro lo que los agentes investigan si las muertes responden a un ajuste de cuentas por las deudas contra\u00eddas.<\/p>\n<p>&nbsp;<\/p>\n","protected":false},"excerpt":{"rendered":"<p>Madrid (EFE).- Las fuerzas de seguridad han hallado este jueves <a href=\"https:\/\/sertv.gob.pa\/nacionalfm\/hallan-los-cuerpos-de-tres-hermanos-de-avanzada-edad-con-signos-de-violencia-en-madrid\/\"> [&#8230;]<\/a><\/p>\n","protected":false},"author":9,"featured_media":93177,"comment_status":"closed","ping_status":"closed","sticky":false,"template":"","format":"standard","meta":{"footnotes":""},"categories":[3],"tags":[],"class_list":["post-93176","post","type-post","status-publish","format-standard","has-post-thumbnail","hentry","category-internacionales"],"_links":{"self":[{"href":"https:\/\/sertv.gob.pa\/nacionalfm\/wp-json\/wp\/v2\/posts\/93176","targetHints":{"allow":["GET"]}}],"collection":[{"href":"https:\/\/sertv.gob.pa\/nacionalfm\/wp-json\/wp\/v2\/posts"}],"about":[{"href":"https:\/\/sertv.gob.pa\/nacionalfm\/wp-json\/wp\/v2\/types\/post"}],"author":[{"embeddable":true,"href":"https:\/\/sertv.gob.pa\/nacionalfm\/wp-json\/wp\/v2\/users\/9"}],"replies":[{"embeddable":true,"href":"https:\/\/sertv.gob.pa\/nacionalfm\/wp-json\/wp\/v2\/comments?post=93176"}],"version-history":[{"count":1,"href":"https:\/\/sertv.gob.pa\/nacionalfm\/wp-json\/wp\/v2\/posts\/93176\/revisions"}],"predecessor-version":[{"id":93178,"href":"https:\/\/sertv.gob.pa\/nacionalfm\/wp-json\/wp\/v2\/posts\/93176\/revisions\/93178"}],"wp:featuredmedia":[{"embeddable":true,"href":"https:\/\/sertv.gob.pa\/nacionalfm\/wp-json\/wp\/v2\/media\/93177"}],"wp:attachment":[{"href":"https:\/\/sertv.gob.pa\/nacionalfm\/wp-json\/wp\/v2\/media?parent=93176"}],"wp:term":[{"taxonomy":"category","embeddable":true,"href":"https:\/\/sertv.gob.pa\/nacionalfm\/wp-json\/wp\/v2\/categories?post=93176"},{"taxonomy":"post_tag","embeddable":true,"href":"https:\/\/sertv.gob.pa\/nacionalfm\/wp-json\/wp\/v2\/tags?post=93176"}],"curies":[{"name":"wp","href":"https:\/\/api.w.org\/{rel}","templated":true}]}}