{"id":93179,"date":"2024-01-18T13:32:17","date_gmt":"2024-01-18T18:32:17","guid":{"rendered":"https:\/\/sertv.gob.pa\/nacionalfm\/?p=93179"},"modified":"2024-01-18T13:32:17","modified_gmt":"2024-01-18T18:32:17","slug":"la-otan-movilizara-90-000-soldados-para-su-mayor-ejercicio-en-europa-en-decadas","status":"publish","type":"post","link":"https:\/\/sertv.gob.pa\/nacionalfm\/la-otan-movilizara-90-000-soldados-para-su-mayor-ejercicio-en-europa-en-decadas\/","title":{"rendered":"La OTAN movilizar\u00e1 90.000 soldados para su mayor ejercicio en Europa \u201cen d\u00e9cadas\u201d"},"content":{"rendered":"<p><strong><em>Bruselas, (EFE).-<\/em><\/strong><em> La OTAN indic\u00f3 este jueves que alrededor de 90.000 soldados de sus Estados miembros y Suecia participar\u00e1n en el mayor ejercicio militar de la Alianza Atl\u00e1ntica en Europa \u201cen d\u00e9cadas\u201d, denominado \u2018Steadfast Defender 2024\u2019 (\u2018Defensor firme 2024\u2019), que comenzar\u00e1 la pr\u00f3xima semana y se prolongar\u00e1 hasta mayo.<\/p>\n<p>\u201cSer\u00e1 el mayor ejercicio de la OTAN en d\u00e9cadas, con la participaci\u00f3n de aproximadamente 90.000 militares de los 31 (pa\u00edses) aliados y nuestro buen socio Suecia\u201d, declar\u00f3 el comandante supremo de la Alianza para Europa (SACEUR), general Christopher G. Cavoli.<\/p>\n<p>El militar inform\u00f3 de ello durante una rueda de prensa posterior a la reuni\u00f3n de dos d\u00edas de los jefes de la defensa de los pa\u00edses aliados celebrada en Bruselas entre el mi\u00e9rcoles y hoy.<\/em><\/p>\n<p><strong><em>\u201cDemostraci\u00f3n de nuestra unidad y fortaleza\u201d<\/em><\/strong><\/p>\n<p><em><br \/>\n\u201cLa alianza demostrar\u00e1 su capacidad de reforzar el \u00e1rea euroatl\u00e1ntica mediante el movimiento transatl\u00e1ntico de fuerzas desde Norteam\u00e9rica. Este refuerzo tendr\u00e1 lugar durante un escenario simulado de conflicto emergente\u201d frente a un adversario, expuso Cavoli.<\/p>\n<p>El ejercicio ser\u00e1 \u201cuna clara demostraci\u00f3n de nuestra unidad, fortaleza y resoluci\u00f3n para protegernos los unos a los otros, para proteger nuestros valores y el orden internacional basado en normas\u201d, agreg\u00f3.<\/em><\/p>\n<p><strong><em>Participar\u00e1n 90.000 soldados<\/em><\/strong><\/p>\n<p><em>El presidente del Comit\u00e9 Militar de la OTAN, Rob Bauer, destac\u00f3 que los 90.000 soldados que participar\u00e1n en \u2018Steadfast Defender 2024\u2019 suponen \u201cuna cifra r\u00e9cord de tropas\u201d que se pueden movilizar para un ejercicio.<\/p>\n<p>El Reino Unido enviar\u00e1 20.000 efectivos del Ej\u00e9rcito, de las Fuerzas Navales y de las Fuerzas A\u00e9reas a estas maniobras militares, seg\u00fan confirm\u00f3 el lunes el ministro brit\u00e1nico de Defensa, Grant Shapps.<\/p>\n<p>El titular brit\u00e1nico de Defensa revel\u00f3 que unos 16.000 efectivos militares, con tanques, artiller\u00eda y helic\u00f3pteros, ser\u00e1n desplegados por el Ej\u00e9rcito brit\u00e1nico por Europa del este como parte del citado ejercicio militar de la alianza, que se llevar\u00e1 a cabo como preparaci\u00f3n para repeler una potencial agresi\u00f3n rusa.<\/p>\n<p>La Marina brit\u00e1nica desplegar\u00e1 m\u00e1s de 2.000 efectivos repartidos entre ocho barcos y submarinos, y m\u00e1s de 400 comandos de marines ser\u00e1n enviados al C\u00edrculo \u00c1rtico.<\/p>\n<p>Fuentes del Ministerio de Defensa revelaron a medios locales que el ejercicio servir\u00e1 de preparaci\u00f3n contra una potencial invasi\u00f3n por parte de cualquier agresor a cualquier Estado miembro, con Rusia y el terrorismo hoy como las principales amenazas.<\/em><\/p>\n","protected":false},"excerpt":{"rendered":"<p>Bruselas, (EFE).- La OTAN indic\u00f3 este jueves que alrededor de <a href=\"https:\/\/sertv.gob.pa\/nacionalfm\/la-otan-movilizara-90-000-soldados-para-su-mayor-ejercicio-en-europa-en-decadas\/\"> [&#8230;]<\/a><\/p>\n","protected":false},"author":9,"featured_media":93180,"comment_status":"closed","ping_status":"closed","sticky":false,"template":"","format":"standard","meta":{"footnotes":""},"categories":[3],"tags":[],"class_list":["post-93179","post","type-post","status-publish","format-standard","has-post-thumbnail","hentry","category-internacionales"],"_links":{"self":[{"href":"https:\/\/sertv.gob.pa\/nacionalfm\/wp-json\/wp\/v2\/posts\/93179","targetHints":{"allow":["GET"]}}],"collection":[{"href":"https:\/\/sertv.gob.pa\/nacionalfm\/wp-json\/wp\/v2\/posts"}],"about":[{"href":"https:\/\/sertv.gob.pa\/nacionalfm\/wp-json\/wp\/v2\/types\/post"}],"author":[{"embeddable":true,"href":"https:\/\/sertv.gob.pa\/nacionalfm\/wp-json\/wp\/v2\/users\/9"}],"replies":[{"embeddable":true,"href":"https:\/\/sertv.gob.pa\/nacionalfm\/wp-json\/wp\/v2\/comments?post=93179"}],"version-history":[{"count":1,"href":"https:\/\/sertv.gob.pa\/nacionalfm\/wp-json\/wp\/v2\/posts\/93179\/revisions"}],"predecessor-version":[{"id":93181,"href":"https:\/\/sertv.gob.pa\/nacionalfm\/wp-json\/wp\/v2\/posts\/93179\/revisions\/93181"}],"wp:featuredmedia":[{"embeddable":true,"href":"https:\/\/sertv.gob.pa\/nacionalfm\/wp-json\/wp\/v2\/media\/93180"}],"wp:attachment":[{"href":"https:\/\/sertv.gob.pa\/nacionalfm\/wp-json\/wp\/v2\/media?parent=93179"}],"wp:term":[{"taxonomy":"category","embeddable":true,"href":"https:\/\/sertv.gob.pa\/nacionalfm\/wp-json\/wp\/v2\/categories?post=93179"},{"taxonomy":"post_tag","embeddable":true,"href":"https:\/\/sertv.gob.pa\/nacionalfm\/wp-json\/wp\/v2\/tags?post=93179"}],"curies":[{"name":"wp","href":"https:\/\/api.w.org\/{rel}","templated":true}]}}