{"id":93222,"date":"2024-01-19T13:32:29","date_gmt":"2024-01-19T18:32:29","guid":{"rendered":"https:\/\/sertv.gob.pa\/nacionalfm\/?p=93222"},"modified":"2024-01-19T13:32:29","modified_gmt":"2024-01-19T18:32:29","slug":"el-papa-francisco-y-el-presidente-kazajo-hablaron-durante-20-minutos-en-el-vaticano","status":"publish","type":"post","link":"https:\/\/sertv.gob.pa\/nacionalfm\/el-papa-francisco-y-el-presidente-kazajo-hablaron-durante-20-minutos-en-el-vaticano\/","title":{"rendered":"El papa Francisco y el presidente kazajo hablaron durante 20 minutos en el Vaticano"},"content":{"rendered":"<p>&nbsp;<\/p>\n<p><strong><em>Ciudad del Vaticano, 19 ene (EFE).-<\/em><\/strong> El\u00a0<strong>papa Francisco<\/strong>\u00a0recibi\u00f3 hoy en audiencia en el Vaticano al\u00a0<strong>presidente de Kazajist\u00e1n, Kasim-Yomart Tok\u00e1yev<\/strong>, con quien convers\u00f3 durante 20 minutos antes de reunirse tambi\u00e9n con el\u00a0<strong>Secretario de Estado vaticano de Relaciones con los Estados, Paul Richard\u00a0Gallagher.<\/strong><\/p>\n<p>La\u00a0<strong>audiencia<\/strong>\u00a0con el pont\u00edfice en el\u00a0<strong>Palacio Apost\u00f3lico<\/strong>\u00a0vaticano dur\u00f3 20 minutos, inform\u00f3 el portavoz vaticano, Matteo Bruni.<\/p>\n<p>Posteriormente, Tok\u00e1yev, que durante su visita a Italia tambi\u00e9n se ha reunido con su hom\u00f3logo italiano,\u00a0<strong>Sergio Mattarella<\/strong>, y la\u00a0<strong>primera ministra, Giorgia Meloni<\/strong>, se entrevist\u00f3 con Gallagher en la Secretar\u00eda de Estado.<\/p>\n<p><em>\u00abDurante los cordiales encuentros, se expres\u00f3 satisfacci\u00f3n por las\u00a0<strong>buenas relaciones<\/strong>\u00a0entre la Santa Sede y Kazajist\u00e1n, con especial referencia a la mutua cooperaci\u00f3n en el \u00e1mbito del\u00a0<strong>di\u00e1logo interreligioso<\/strong>, y se ha deseado un papel cada vez m\u00e1s activo de los creyentes en la vida de la naci\u00f3n en favor del bien com\u00fan\u00bb, indic\u00f3 la Santa Sede en un comunicado.<\/em><\/p>\n<p><em>A continuaci\u00f3n, Tok\u00e1yev y Gallagher \u00abexaminaron temas de car\u00e1cter regional e internacional, con especial atenci\u00f3n a los\u00a0<strong>conflictos<\/strong>\u00a0y a las\u00a0<strong>cuestiones humanitarias<\/strong>, destacando la importancia de un compromiso urgente para el fomento de la paz y la estabilidad en el mundo\u00bb.<\/em><\/p>\n<p>Al final de la audiencia con Francisco, durante el tradicional\u00a0<strong>intercambio de regalos<\/strong>, el mandatario le entreg\u00f3 al pont\u00edfice un mosaico que representa el lago Karakol, un lugar emblem\u00e1tico del pa\u00eds que cada a\u00f1o se ti\u00f1e de rosa con la llegada cientos de flamencos durante la migraci\u00f3n, as\u00ed como una obra de artesan\u00eda de Kazajist\u00e1n dedicada a la paz.<\/p>\n<p>El papa, por su parte, obsequi\u00f3 a T\u00f3kayev con una obra de may\u00f3lica que representa una estatua de San Pedro bendiciendo con la c\u00fapula de la Bas\u00edlica, los vol\u00famenes de los documentos papales, el Mensaje para la Paz de este a\u00f1o y el volumen sobre el Apartamento Pontificio de las Audiencias, a cargo de la Prefectura de la Casa Pontificia.<\/p>\n<p>La audiencia con Francisco se produce un d\u00eda despu\u00e9s de que el presidente kazajo\u00a0<a href=\"https:\/\/efecomunica.efe.com\/el-presidente-kazajo-estrecha-lazos-politicos-y-comerciales-con-italia-en-su-visita-a-roma\/\" target=\"_blank\" rel=\"noopener\">se reuniera en Roma con Mattarella y Meloni<\/a>, para\u00a0<strong>intensificar sus lazos comerciales<\/strong>\u00a0con su primer socio econ\u00f3mico europeo.<\/p>\n<p>Adem\u00e1s, Tok\u00e1yev acudi\u00f3 al Ministerio de Exteriores italiano para participar en una\u00a0<strong>mesa redonda sobre inversiones entre Italia y Kazajist\u00e1n<\/strong>\u00a0en la que se firmaron varios acuerdos de cooperaci\u00f3n y comercio.<\/p>\n<p>En concreto, se firmaron\u00a0<strong>diecis\u00e9is memor\u00e1ndum<\/strong>, doce de ellos comerciales, en varios \u00e1mbitos, desde la cooperaci\u00f3n financiera, a la asistencia a las exportaciones, agricultura, proyectos de energ\u00eda y tambi\u00e9n de renovables.<\/p>\n","protected":false},"excerpt":{"rendered":"<p>&nbsp; Ciudad del Vaticano, 19 ene (EFE).- El\u00a0papa Francisco\u00a0recibi\u00f3 hoy <a href=\"https:\/\/sertv.gob.pa\/nacionalfm\/el-papa-francisco-y-el-presidente-kazajo-hablaron-durante-20-minutos-en-el-vaticano\/\"> [&#8230;]<\/a><\/p>\n","protected":false},"author":9,"featured_media":93223,"comment_status":"closed","ping_status":"closed","sticky":false,"template":"","format":"standard","meta":{"footnotes":""},"categories":[3],"tags":[],"class_list":["post-93222","post","type-post","status-publish","format-standard","has-post-thumbnail","hentry","category-internacionales"],"_links":{"self":[{"href":"https:\/\/sertv.gob.pa\/nacionalfm\/wp-json\/wp\/v2\/posts\/93222","targetHints":{"allow":["GET"]}}],"collection":[{"href":"https:\/\/sertv.gob.pa\/nacionalfm\/wp-json\/wp\/v2\/posts"}],"about":[{"href":"https:\/\/sertv.gob.pa\/nacionalfm\/wp-json\/wp\/v2\/types\/post"}],"author":[{"embeddable":true,"href":"https:\/\/sertv.gob.pa\/nacionalfm\/wp-json\/wp\/v2\/users\/9"}],"replies":[{"embeddable":true,"href":"https:\/\/sertv.gob.pa\/nacionalfm\/wp-json\/wp\/v2\/comments?post=93222"}],"version-history":[{"count":1,"href":"https:\/\/sertv.gob.pa\/nacionalfm\/wp-json\/wp\/v2\/posts\/93222\/revisions"}],"predecessor-version":[{"id":93224,"href":"https:\/\/sertv.gob.pa\/nacionalfm\/wp-json\/wp\/v2\/posts\/93222\/revisions\/93224"}],"wp:featuredmedia":[{"embeddable":true,"href":"https:\/\/sertv.gob.pa\/nacionalfm\/wp-json\/wp\/v2\/media\/93223"}],"wp:attachment":[{"href":"https:\/\/sertv.gob.pa\/nacionalfm\/wp-json\/wp\/v2\/media?parent=93222"}],"wp:term":[{"taxonomy":"category","embeddable":true,"href":"https:\/\/sertv.gob.pa\/nacionalfm\/wp-json\/wp\/v2\/categories?post=93222"},{"taxonomy":"post_tag","embeddable":true,"href":"https:\/\/sertv.gob.pa\/nacionalfm\/wp-json\/wp\/v2\/tags?post=93222"}],"curies":[{"name":"wp","href":"https:\/\/api.w.org\/{rel}","templated":true}]}}