{"id":93257,"date":"2024-01-22T15:02:35","date_gmt":"2024-01-22T20:02:35","guid":{"rendered":"https:\/\/sertv.gob.pa\/nacionalfm\/?p=93257"},"modified":"2024-01-22T15:02:35","modified_gmt":"2024-01-22T20:02:35","slug":"el-presidente-de-ecuador-anuncia-una-semaforizacion-del-toque-de-queda-en-el-pais","status":"publish","type":"post","link":"https:\/\/sertv.gob.pa\/nacionalfm\/el-presidente-de-ecuador-anuncia-una-semaforizacion-del-toque-de-queda-en-el-pais\/","title":{"rendered":"El presidente de Ecuador anuncia una \u201csemaforizaci\u00f3n\u201d del toque de queda en el pa\u00eds"},"content":{"rendered":"<p><strong><em>Quito (EFE).-<\/em><\/strong><em> El presidente de\u00a0<a href=\"https:\/\/efe.com\/?s=Ecuador\" target=\"_blank\" rel=\"noopener\"><strong>Ecuador<\/strong><\/a>, Daniel Noboa, anunci\u00f3 este lunes que se aplicar\u00e1 una \u201csemaforizaci\u00f3n\u201d del toque de queda, que rige en el pa\u00eds desde el pasado 8 de enero por la crisis de seguridad desatada a inicios de a\u00f1o, atribuida a una arremetida de grupos criminales a los que tilda de terroristas.<\/em><\/p>\n<p><em>Noboa avanz\u00f3 en una entrevista con la televisi\u00f3n Teleamazonas que esta noche anunciar\u00e1 la medida con la que los cantones tendr\u00e1n diferentes horarios de toques de queda y distintas regulaciones.<\/em><\/p>\n<p><em>Con la medida, se apoya la reactivaci\u00f3n de la econom\u00eda pues, de lo contrario, no solo se da \u201cun golpe\u201d al turismo sino al peque\u00f1o empresario, al emprendedor, a la econom\u00eda en general, a\u00f1adi\u00f3.<\/em><\/p>\n<p><em>\u201cNo podemos tampoco permitir que estos grupos narcoterroristas destruyan nuestra forma de vivir y nuestro d\u00eda a d\u00eda trabajando\u201d, coment\u00f3 el gobernante.<\/em><\/p>\n<p><strong><em>\u00bfExtender estado de excepci\u00f3n?<\/em><\/strong><\/p>\n<p><em>Noboa decret\u00f3 el estado de excepci\u00f3n, con toque de queda desde las 23.00 hasta las 05.00 en momentos en que se suced\u00edan una serie de atentados cuando las fuerzas del orden trataban de localizar Adolfo Mac\u00edas \u2018Fito\u2019, l\u00edder de la banda criminal \u2018Los Choneros\u2019, para trasladarlo en una c\u00e1rcel de m\u00e1xima seguridad.<\/em><\/p>\n<p><em>La b\u00fasqueda comenz\u00f3 el domingo 7, cuando descubrieron que el prisionero, uno de los m\u00e1s peligrosos del pa\u00eds, se hab\u00eda fugado.<\/em><\/p>\n<p><em>De acuerdo con el decreto, el estado de excepci\u00f3n durar\u00e1 sesenta d\u00edas, con opci\u00f3n de treinta d\u00edas de extensi\u00f3n.<\/em><\/p>\n<p><em>\u201cEso creo, al d\u00eda de hoy, como veo las cosas, vamos a tener que extenderle esos 30 d\u00edas m\u00e1s. Est\u00e1 funcionando el trabajo de las Fuerzas Armadas y de la Polic\u00eda, y estamos dando golpes fuertes a estos grupos narcoterroristas\u201d, dijo Noboa.<\/em><\/p>\n<p><em>Asever\u00f3 que en este momento no pueden parar: \u201cNo podemos descansar y no podemos creer que esto se ha solucionado en dos semanas. Hay que seguir luchando\u201d.<\/em><\/p>\n<p><em>De acuerdo a reportes oficiales, los operativos de seguridad han dejado 2.763 personas detenidas durante los primeros trece d\u00edas de la declaraci\u00f3n por parte del Gobierno de un \u201cconflicto armado interno\u201d contra el crimen organizado, de los cuales 158 fueron arrestados por presunto terrorismo.<\/em><\/p>\n<p><strong><em>Crisis de seguridad y violencia en un Ecuador en toque de queda<\/em><\/strong><\/p>\n<p><em>Entre el 9 y el 21 de enero las autoridades afirman haber abatido a cinco presuntos miembros de estas bandas ahora catalogadas como terroristas, mientras que dos polic\u00edas fueron asesinados y otros once fueron liberados de distintos secuestros ejecutados aparentemente por estas mafias.<\/em><\/p>\n<p><em>Durante ese periodo se han incautado 1.003 armas de fuego, 1.222 armas blancas, 126 alimentadoras de armas, m\u00e1s de 35.700 balas y 4.802 explosivos.<\/em><\/p>\n<p><em>Las fuerzas del orden de Ecuador han decomisado tambi\u00e9n m\u00e1s de 10 toneladas de drogas y m\u00e1s de 23.100 d\u00f3lares en efectivo.<\/em><\/p>\n<p><em>Seg\u00fan el Gobierno, el promedio diario de muertes violentas ha bajado de 28 a 6 por las acciones adoptada en torno a la seguridad.<\/em><\/p>\n<p><em>En los trabajos por mejorar la seguridad, Noboa considera que se debe reformar \u201ccompletamente\u201d la entidad encargada de las prisiones (SNAI) y que debe haber \u201cpresencia permanente de los militares\u201d en el sistema penitenciario.<\/em><\/p>\n<p><em>Los militares est\u00e1n a cargo de la seguridad del pa\u00eds desde el pasado 9 de enero, cuando el Gobierno declar\u00f3 un conflicto armado interno contra el crimen e identific\u00f3 a 22 grupos de delincuencia como terroristas.<\/em><\/p>\n","protected":false},"excerpt":{"rendered":"<p>Quito (EFE).- El presidente de\u00a0Ecuador, Daniel Noboa, anunci\u00f3 este lunes <a href=\"https:\/\/sertv.gob.pa\/nacionalfm\/el-presidente-de-ecuador-anuncia-una-semaforizacion-del-toque-de-queda-en-el-pais\/\"> [&#8230;]<\/a><\/p>\n","protected":false},"author":9,"featured_media":93258,"comment_status":"closed","ping_status":"closed","sticky":false,"template":"","format":"standard","meta":{"footnotes":""},"categories":[3],"tags":[],"class_list":["post-93257","post","type-post","status-publish","format-standard","has-post-thumbnail","hentry","category-internacionales"],"_links":{"self":[{"href":"https:\/\/sertv.gob.pa\/nacionalfm\/wp-json\/wp\/v2\/posts\/93257","targetHints":{"allow":["GET"]}}],"collection":[{"href":"https:\/\/sertv.gob.pa\/nacionalfm\/wp-json\/wp\/v2\/posts"}],"about":[{"href":"https:\/\/sertv.gob.pa\/nacionalfm\/wp-json\/wp\/v2\/types\/post"}],"author":[{"embeddable":true,"href":"https:\/\/sertv.gob.pa\/nacionalfm\/wp-json\/wp\/v2\/users\/9"}],"replies":[{"embeddable":true,"href":"https:\/\/sertv.gob.pa\/nacionalfm\/wp-json\/wp\/v2\/comments?post=93257"}],"version-history":[{"count":1,"href":"https:\/\/sertv.gob.pa\/nacionalfm\/wp-json\/wp\/v2\/posts\/93257\/revisions"}],"predecessor-version":[{"id":93259,"href":"https:\/\/sertv.gob.pa\/nacionalfm\/wp-json\/wp\/v2\/posts\/93257\/revisions\/93259"}],"wp:featuredmedia":[{"embeddable":true,"href":"https:\/\/sertv.gob.pa\/nacionalfm\/wp-json\/wp\/v2\/media\/93258"}],"wp:attachment":[{"href":"https:\/\/sertv.gob.pa\/nacionalfm\/wp-json\/wp\/v2\/media?parent=93257"}],"wp:term":[{"taxonomy":"category","embeddable":true,"href":"https:\/\/sertv.gob.pa\/nacionalfm\/wp-json\/wp\/v2\/categories?post=93257"},{"taxonomy":"post_tag","embeddable":true,"href":"https:\/\/sertv.gob.pa\/nacionalfm\/wp-json\/wp\/v2\/tags?post=93257"}],"curies":[{"name":"wp","href":"https:\/\/api.w.org\/{rel}","templated":true}]}}