{"id":93288,"date":"2024-01-23T13:09:24","date_gmt":"2024-01-23T18:09:24","guid":{"rendered":"https:\/\/sertv.gob.pa\/nacionalfm\/?p=93288"},"modified":"2024-01-23T13:09:24","modified_gmt":"2024-01-23T18:09:24","slug":"mujeres-israelies-que-fueron-rehenes-en-gaza-denuncian-violencia-sexual-por-parte-de-hamas","status":"publish","type":"post","link":"https:\/\/sertv.gob.pa\/nacionalfm\/mujeres-israelies-que-fueron-rehenes-en-gaza-denuncian-violencia-sexual-por-parte-de-hamas\/","title":{"rendered":"Mujeres israel\u00edes que fueron rehenes en Gaza denuncian violencia sexual por parte de Ham\u00e1s"},"content":{"rendered":"<p><strong><em>\u00a0<\/em><\/strong><strong><em>Jerusal\u00e9n, (EFE).-<\/em><\/strong> Mujeres israel\u00edes que fueron rehenes de Ham\u00e1s en Gaza aseguraron hoy en un comit\u00e9 del Parlamento israel\u00ed (Kn\u00e9set) que las que siguen cautivas en la Franja sufren abusos sexuales por parte de ese grupo islamista palestino, contra el que siguen las denuncias por usar la violencia sexual como arma de guerra desde el pasado 7 de octubre, cuando atac\u00f3 territorio de Israel y desencaden\u00f3 la actual contienda.<\/p>\n<p>Algunas mujeres que fueron secuestradas por Ham\u00e1s en el ataque del 7 de octubre y liberadas en noviembre comparecieron hoy en una comisi\u00f3n parlamentaria sobre v\u00edctimas de violencia sexual y de g\u00e9nero, ante la que afirmaron que parte de las rehenes en la Franja son tratadas como \u201cmu\u00f1ecas\u201d por sus guardianes.<\/p>\n<p>\u201cLos terroristas traen ropa inapropiada, ropa para mu\u00f1ecas, y convierten las chicas en sus mu\u00f1ecas. Mu\u00f1ecas con una cuerda con las que puedes hacer lo que quieras, cuando quieras\u201d, asegur\u00f3 la antigua reh\u00e9n Aviva Siegel, que agreg\u00f3 que lo vio \u201ccon sus propios ojos\u201d mientras estuvo cautiva en Gaza en manos de las milicias palestinas.<\/p>\n<p>A su vez, asegur\u00f3 estar preocupada por el hecho de que las mujeres rehenes a\u00fan en Gaza est\u00e9n siendo violadas, y remarc\u00f3 que hay chicos cautivos que \u201ctambi\u00e9n sufren abusos\u201d y son \u201cmarionetas con un hilo\u201d, agreg\u00f3 Siegel.<\/p>\n<p>En total, seg\u00fan datos de Israel, 19 mujeres permanecen cautivas en la Franja.<\/p>\n<p>&nbsp;<\/p>\n<p>&nbsp;<\/p>\n","protected":false},"excerpt":{"rendered":"<p>\u00a0Jerusal\u00e9n, (EFE).- Mujeres israel\u00edes que fueron rehenes de Ham\u00e1s en <a href=\"https:\/\/sertv.gob.pa\/nacionalfm\/mujeres-israelies-que-fueron-rehenes-en-gaza-denuncian-violencia-sexual-por-parte-de-hamas\/\"> [&#8230;]<\/a><\/p>\n","protected":false},"author":9,"featured_media":93289,"comment_status":"closed","ping_status":"closed","sticky":false,"template":"","format":"standard","meta":{"footnotes":""},"categories":[3],"tags":[],"class_list":["post-93288","post","type-post","status-publish","format-standard","has-post-thumbnail","hentry","category-internacionales"],"_links":{"self":[{"href":"https:\/\/sertv.gob.pa\/nacionalfm\/wp-json\/wp\/v2\/posts\/93288","targetHints":{"allow":["GET"]}}],"collection":[{"href":"https:\/\/sertv.gob.pa\/nacionalfm\/wp-json\/wp\/v2\/posts"}],"about":[{"href":"https:\/\/sertv.gob.pa\/nacionalfm\/wp-json\/wp\/v2\/types\/post"}],"author":[{"embeddable":true,"href":"https:\/\/sertv.gob.pa\/nacionalfm\/wp-json\/wp\/v2\/users\/9"}],"replies":[{"embeddable":true,"href":"https:\/\/sertv.gob.pa\/nacionalfm\/wp-json\/wp\/v2\/comments?post=93288"}],"version-history":[{"count":1,"href":"https:\/\/sertv.gob.pa\/nacionalfm\/wp-json\/wp\/v2\/posts\/93288\/revisions"}],"predecessor-version":[{"id":93290,"href":"https:\/\/sertv.gob.pa\/nacionalfm\/wp-json\/wp\/v2\/posts\/93288\/revisions\/93290"}],"wp:featuredmedia":[{"embeddable":true,"href":"https:\/\/sertv.gob.pa\/nacionalfm\/wp-json\/wp\/v2\/media\/93289"}],"wp:attachment":[{"href":"https:\/\/sertv.gob.pa\/nacionalfm\/wp-json\/wp\/v2\/media?parent=93288"}],"wp:term":[{"taxonomy":"category","embeddable":true,"href":"https:\/\/sertv.gob.pa\/nacionalfm\/wp-json\/wp\/v2\/categories?post=93288"},{"taxonomy":"post_tag","embeddable":true,"href":"https:\/\/sertv.gob.pa\/nacionalfm\/wp-json\/wp\/v2\/tags?post=93288"}],"curies":[{"name":"wp","href":"https:\/\/api.w.org\/{rel}","templated":true}]}}