{"id":93321,"date":"2024-01-24T12:47:24","date_gmt":"2024-01-24T17:47:24","guid":{"rendered":"https:\/\/sertv.gob.pa\/nacionalfm\/?p=93321"},"modified":"2024-01-24T12:47:24","modified_gmt":"2024-01-24T17:47:24","slug":"mueren-los-74-ocupantes-de-un-avion-militar-ruso-que-trasladaba-prisioneros-ucranianos","status":"publish","type":"post","link":"https:\/\/sertv.gob.pa\/nacionalfm\/mueren-los-74-ocupantes-de-un-avion-militar-ruso-que-trasladaba-prisioneros-ucranianos\/","title":{"rendered":"Mueren los 74 ocupantes de un avi\u00f3n militar ruso que trasladaba prisioneros ucranianos"},"content":{"rendered":"<p><strong><em>Mosc\u00fa (EFE).- <\/em><\/strong><em>El gobernador de B\u00e9lgorod, Viacheslav Gladkov, confirm\u00f3 hoy la muerte de los 74 ocupantes del avi\u00f3n ruso de transporte militar Il-76, incluidos 65 prisioneros de guerra ucranianos, que se estrell\u00f3 esta ma\u00f1ana en esa regi\u00f3n fronteriza con Ucrania.<\/em><\/p>\n<p><em>En el avi\u00f3n, seg\u00fan ha precisado en un comunicado el Ministerio de Defensa ruso, viajaban junto a los prisioneros seis tripulantes y tres militares rusos, que custodiaban a los detenidos para su canje por soldados rusos retenidos por el ej\u00e9rcito ucraniano.<\/em><\/p>\n<p><em>El aparato se estrell\u00f3 aproximadamente a las 11.00 hora local (08.00 GMT) a unos 50 kil\u00f3metros de la frontera ucraniana y a tan solo unos 5 \u00f3 6 kil\u00f3metros de una aldea, donde no caus\u00f3 da\u00f1os personales ni materiales, seg\u00fan informaron residentes locales a la agencia TASS.<\/em><\/p>\n<p><em>En las redes sociales de B\u00e9lgorod se pueden ver im\u00e1genes con el Il-76 precipit\u00e1ndose contra la tierra a una gran velocidad y estallando en un descampado.<\/em><\/p>\n<p><strong><em>Rusia acusa a Ucrania de derribar el avi\u00f3n con un misil<\/em><\/strong><\/p>\n<p><em>Mosc\u00fa ha acusado al ej\u00e9rcito ucraniano de derribar el avi\u00f3n con un misil antia\u00e9reo disparado desde la regi\u00f3n nororiental de J\u00e1rkov, lim\u00edtrofe con Rusia.<\/em><\/p>\n<p><em>\u201cEl avi\u00f3n fue alcanzado por las Fuerzas Armadas de Ucrania desde la zona de la localidad de Liptsi, en la regi\u00f3n de J\u00e1rkov, con el uso de sistemas de misiles antia\u00e9reos\u201d, seg\u00fan se\u00f1ala un comunicado castrense colgado en Telegram.<\/em><\/p>\n<p><em>La nota precisa que \u201choy, a las 11.15 minutos, el r\u00e9gimen de Kiev cometi\u00f3 un acto terrorista\u201d contra un aparato de la aviaci\u00f3n de transporte militar de Rusia que cubr\u00eda la ruta entre al aer\u00f3dromo de Chkalovski, a las afueras de Mosc\u00fa, y la regi\u00f3n de B\u00e9lgorod, que limita con Ucrania.<\/em><\/p>\n<p><em>Los radares rusos detectaron el lanzamiento por parte de Ucrania de dos misiles, se\u00f1ala la nota, aunque no precisa si los dos alcanzaron su objetivo.<\/em><\/p>\n<p><em>Rusia insiste en que \u201clos dirigentes ucranianos sab\u00edan perfectamente\u201d que hoy deb\u00eda tener lugar el transporte de prisioneros de guerra ucranianos hasta el aer\u00f3dromo de B\u00e9lgorod.<\/em><\/p>\n<p><em>Con todo, a\u00f1ade, Kiev decidi\u00f3 \u201cdar ese paso con el objetivo de acusar a Rusia\u201d del asesinato de los prisioneros ucranianos.<\/em><\/p>\n<p><em>\u201cAl cometer dicho atentado, los dirigentes ucranianos mostraron su aut\u00e9ntico cara, el desprecio de la vida de sus ciudadanos\u201d, concluye.<\/em><\/p>\n<p><strong><em>El avi\u00f3n transportaba misiles, seg\u00fan una fuente de Kiev<\/em><\/strong><\/p>\n<p><em>Por su parte, una fuente militar citada por la agencia p\u00fablica ucraniana, Ukrinform, ha asegurado que el avi\u00f3n transportaba misiles para los sistemas antia\u00e9reos S-300 que Rusia utiliza regularmente para bombardear Ucrania.<\/em><\/p>\n<p><em>Otra fuente militar ucraniana citada por la publicaci\u00f3n Ukrainska Pravda tambi\u00e9n afirma que la aeronave transportaba misiles y ha asegura que ha sido abatido por las fuerzas ucranianas.<\/em><\/p>\n<p><em>Las autoridades de Kiev no se han pronunciado de momento de forma oficial sobre la ca\u00edda del avi\u00f3n.<\/em><\/p>\n<p><em>No obstante, poco antes del siniestro, el gobernador de B\u00e9lgorod, Viacheslav Gladkov, alert\u00f3 sobre el peligro de un ataque a\u00e9reo ucraniano y confirm\u00f3 el derribo de un dron enemigo de ala fija.<\/em><\/p>\n","protected":false},"excerpt":{"rendered":"<p>Mosc\u00fa (EFE).- El gobernador de B\u00e9lgorod, Viacheslav Gladkov, confirm\u00f3 hoy <a href=\"https:\/\/sertv.gob.pa\/nacionalfm\/mueren-los-74-ocupantes-de-un-avion-militar-ruso-que-trasladaba-prisioneros-ucranianos\/\"> [&#8230;]<\/a><\/p>\n","protected":false},"author":9,"featured_media":93322,"comment_status":"closed","ping_status":"closed","sticky":false,"template":"","format":"standard","meta":{"footnotes":""},"categories":[3],"tags":[],"class_list":["post-93321","post","type-post","status-publish","format-standard","has-post-thumbnail","hentry","category-internacionales"],"_links":{"self":[{"href":"https:\/\/sertv.gob.pa\/nacionalfm\/wp-json\/wp\/v2\/posts\/93321","targetHints":{"allow":["GET"]}}],"collection":[{"href":"https:\/\/sertv.gob.pa\/nacionalfm\/wp-json\/wp\/v2\/posts"}],"about":[{"href":"https:\/\/sertv.gob.pa\/nacionalfm\/wp-json\/wp\/v2\/types\/post"}],"author":[{"embeddable":true,"href":"https:\/\/sertv.gob.pa\/nacionalfm\/wp-json\/wp\/v2\/users\/9"}],"replies":[{"embeddable":true,"href":"https:\/\/sertv.gob.pa\/nacionalfm\/wp-json\/wp\/v2\/comments?post=93321"}],"version-history":[{"count":1,"href":"https:\/\/sertv.gob.pa\/nacionalfm\/wp-json\/wp\/v2\/posts\/93321\/revisions"}],"predecessor-version":[{"id":93323,"href":"https:\/\/sertv.gob.pa\/nacionalfm\/wp-json\/wp\/v2\/posts\/93321\/revisions\/93323"}],"wp:featuredmedia":[{"embeddable":true,"href":"https:\/\/sertv.gob.pa\/nacionalfm\/wp-json\/wp\/v2\/media\/93322"}],"wp:attachment":[{"href":"https:\/\/sertv.gob.pa\/nacionalfm\/wp-json\/wp\/v2\/media?parent=93321"}],"wp:term":[{"taxonomy":"category","embeddable":true,"href":"https:\/\/sertv.gob.pa\/nacionalfm\/wp-json\/wp\/v2\/categories?post=93321"},{"taxonomy":"post_tag","embeddable":true,"href":"https:\/\/sertv.gob.pa\/nacionalfm\/wp-json\/wp\/v2\/tags?post=93321"}],"curies":[{"name":"wp","href":"https:\/\/api.w.org\/{rel}","templated":true}]}}