{"id":93370,"date":"2024-01-25T13:54:48","date_gmt":"2024-01-25T18:54:48","guid":{"rendered":"https:\/\/sertv.gob.pa\/nacionalfm\/?p=93370"},"modified":"2024-01-25T13:54:48","modified_gmt":"2024-01-25T18:54:48","slug":"el-presidente-de-guatemala-encuentra-microfonos-en-su-despacho","status":"publish","type":"post","link":"https:\/\/sertv.gob.pa\/nacionalfm\/el-presidente-de-guatemala-encuentra-microfonos-en-su-despacho\/","title":{"rendered":"El presidente de Guatemala encuentra micr\u00f3fonos en su despacho"},"content":{"rendered":"<p><strong><em>Ciudad de Guatemala (EFE).-<\/em><\/strong> El presidente de Guatemala, Bernardo Ar\u00e9valo de Le\u00f3n, encontr\u00f3 micr\u00f3fonos y \u201cjuguetes de espionaje\u201d en su despacho, mientras su equipo asegur\u00f3 este jueves que contin\u00faa la inspecci\u00f3n de instalaciones y veh\u00edculos para descartar la presencia de m\u00e1s objetos de vigilancia.<\/p>\n<p>El registro y revisi\u00f3n de oficinas para descartar la presencia de m\u00e1s equipo de espionaje est\u00e1 coordinado por el Ministerio de Gobernaci\u00f3n (Interior), asegur\u00f3 a EFE una fuente del Ejecutivo.<\/p>\n<p>El procedimiento se orden\u00f3 despu\u00e9s de que Ar\u00e9valo de Le\u00f3n confirmara en una conferencia de prensa que encontr\u00f3 \u201cjuguetes\u201d de espionaje en su oficina, as\u00ed como en el veh\u00edculo oficial de su ministra de Comunicaciones, Jazm\u00edn de la Vega.<\/p>\n<p>La ministra De la Vega inform\u00f3 a medios de comunicaci\u00f3n que denunciar\u00e1 ante el Ministerio P\u00fablico (Fiscal\u00eda) los objetos encontrados.<\/p>\n<p>De acuerdo con el presidente, que asumi\u00f3 el poder en la madrugada del pasado 15 de enero, se han realizado barridos electr\u00f3nicos en todas las instalaciones del Palacio Nacional de la Cultura (sede de Gobierno).<\/p>\n","protected":false},"excerpt":{"rendered":"<p>Ciudad de Guatemala (EFE).- El presidente de Guatemala, Bernardo Ar\u00e9valo <a href=\"https:\/\/sertv.gob.pa\/nacionalfm\/el-presidente-de-guatemala-encuentra-microfonos-en-su-despacho\/\"> [&#8230;]<\/a><\/p>\n","protected":false},"author":9,"featured_media":93371,"comment_status":"closed","ping_status":"closed","sticky":false,"template":"","format":"standard","meta":{"footnotes":""},"categories":[3],"tags":[],"class_list":["post-93370","post","type-post","status-publish","format-standard","has-post-thumbnail","hentry","category-internacionales"],"_links":{"self":[{"href":"https:\/\/sertv.gob.pa\/nacionalfm\/wp-json\/wp\/v2\/posts\/93370","targetHints":{"allow":["GET"]}}],"collection":[{"href":"https:\/\/sertv.gob.pa\/nacionalfm\/wp-json\/wp\/v2\/posts"}],"about":[{"href":"https:\/\/sertv.gob.pa\/nacionalfm\/wp-json\/wp\/v2\/types\/post"}],"author":[{"embeddable":true,"href":"https:\/\/sertv.gob.pa\/nacionalfm\/wp-json\/wp\/v2\/users\/9"}],"replies":[{"embeddable":true,"href":"https:\/\/sertv.gob.pa\/nacionalfm\/wp-json\/wp\/v2\/comments?post=93370"}],"version-history":[{"count":1,"href":"https:\/\/sertv.gob.pa\/nacionalfm\/wp-json\/wp\/v2\/posts\/93370\/revisions"}],"predecessor-version":[{"id":93372,"href":"https:\/\/sertv.gob.pa\/nacionalfm\/wp-json\/wp\/v2\/posts\/93370\/revisions\/93372"}],"wp:featuredmedia":[{"embeddable":true,"href":"https:\/\/sertv.gob.pa\/nacionalfm\/wp-json\/wp\/v2\/media\/93371"}],"wp:attachment":[{"href":"https:\/\/sertv.gob.pa\/nacionalfm\/wp-json\/wp\/v2\/media?parent=93370"}],"wp:term":[{"taxonomy":"category","embeddable":true,"href":"https:\/\/sertv.gob.pa\/nacionalfm\/wp-json\/wp\/v2\/categories?post=93370"},{"taxonomy":"post_tag","embeddable":true,"href":"https:\/\/sertv.gob.pa\/nacionalfm\/wp-json\/wp\/v2\/tags?post=93370"}],"curies":[{"name":"wp","href":"https:\/\/api.w.org\/{rel}","templated":true}]}}