{"id":93373,"date":"2024-01-25T14:15:04","date_gmt":"2024-01-25T19:15:04","guid":{"rendered":"https:\/\/sertv.gob.pa\/nacionalfm\/?p=93373"},"modified":"2024-01-25T14:15:04","modified_gmt":"2024-01-25T19:15:04","slug":"detenido-el-pastilla-un-mes-despues-de-fugarse-de-la-carcel-de-alcala-meco","status":"publish","type":"post","link":"https:\/\/sertv.gob.pa\/nacionalfm\/detenido-el-pastilla-un-mes-despues-de-fugarse-de-la-carcel-de-alcala-meco\/","title":{"rendered":"Detenido El Pastilla un mes despu\u00e9s de fugarse de la c\u00e1rcel de Alcal\u00e1 Meco"},"content":{"rendered":"<p><strong><em>Madrid (EFE).- <\/em><\/strong>La Polic\u00eda ha detenido en una estaci\u00f3n de tren de Leipzig (Alemania) a Yousef Mohamed Lehrech, alias El Pastilla, un mes despu\u00e9s de fugarse de la c\u00e1rcel madrile\u00f1a de Alcal\u00e1 Meco.<\/p>\n<p>Seg\u00fan ha informado este jueves la Polic\u00eda Nacional, los investigadores de la Secci\u00f3n de Localizaci\u00f3n de Fugitivos de este cuerpo ten\u00edan abierta una investigaci\u00f3n a trav\u00e9s de la Red Europea de Equipos de B\u00fasqueda Activa de Fugitivos (ENFAST) que le situaba en territorio germano.<\/p>\n<p>El Pastilla se fug\u00f3 el 23 de diciembre de la c\u00e1rcel de Alcal\u00e1 Meco, donde se encontraba en prisi\u00f3n provisional por dos asesinatos.<\/p>\n<p>El interno hab\u00eda tenido ese d\u00eda una comunicaci\u00f3n en el locutorio con sus familiares, en una jornada de mucha afluencia de visitas dadas las fechas navide\u00f1as, que aprovech\u00f3 para fugarse.<\/p>\n<p>Yousef Mohamed Lehrech hab\u00eda sido calificado como preso FIES (Fichero de internos de especial seguimiento), es decir, en el grado de los m\u00e1s peligrosos y que requieren un mayor control.<\/p>\n<p>No obstante, seg\u00fan denunciaron tras su fuga fuentes del colectivo de funcionarios, se encontraba en un m\u00f3dulo de respeto de j\u00f3venes, donde los internos se comprometen a realizar una serie de actividades y mantener unas normas de conducta establecidas.<\/p>\n<p><strong>Interior abre un expediente a los funcionarios por la fuga de \u2018El Pastilla\u2019<\/strong><\/p>\n<p>Por esta fuga, el Ministerio del\u00a0<a href=\"https:\/\/efe.com\/comunidad-de-madrid\/2024-01-11\/interior-abre-expediente-disciplinario-a-varios-funcionarios-por-la-fuga-de-el-pastilla\/\" target=\"_blank\" rel=\"noopener\">Interior ha abierto un expediente disciplinario a varios funcionarios<\/a>.<\/p>\n<p>Yousef Mohamed Lehrech se encontraba en prisi\u00f3n provisional por asesinar presuntamente a uno de los considerados capos de la droga de Ceuta, Nayim K.A., apodado Tayena, quien el 12 de abril de 2023 recibi\u00f3 un disparo en el pecho en Los Barrios (C\u00e1diz).<\/p>\n<p>Horas despu\u00e9s del asesinato, la Guardia Civil detuvo en el puerto de Algeciras a El Pastilla como presunto autor del crimen.<\/p>\n<p>El joven tiene dos procedimientos abiertos: uno por la muerte de Tayena, considerado su jefe, y otro por el asesinato por error en Algeciras de un joven al que supuestamente confundi\u00f3 con otra persona.<\/p>\n","protected":false},"excerpt":{"rendered":"<p>Madrid (EFE).- La Polic\u00eda ha detenido en una estaci\u00f3n de <a href=\"https:\/\/sertv.gob.pa\/nacionalfm\/detenido-el-pastilla-un-mes-despues-de-fugarse-de-la-carcel-de-alcala-meco\/\"> [&#8230;]<\/a><\/p>\n","protected":false},"author":9,"featured_media":93374,"comment_status":"closed","ping_status":"closed","sticky":false,"template":"","format":"standard","meta":{"footnotes":""},"categories":[3],"tags":[],"class_list":["post-93373","post","type-post","status-publish","format-standard","has-post-thumbnail","hentry","category-internacionales"],"_links":{"self":[{"href":"https:\/\/sertv.gob.pa\/nacionalfm\/wp-json\/wp\/v2\/posts\/93373","targetHints":{"allow":["GET"]}}],"collection":[{"href":"https:\/\/sertv.gob.pa\/nacionalfm\/wp-json\/wp\/v2\/posts"}],"about":[{"href":"https:\/\/sertv.gob.pa\/nacionalfm\/wp-json\/wp\/v2\/types\/post"}],"author":[{"embeddable":true,"href":"https:\/\/sertv.gob.pa\/nacionalfm\/wp-json\/wp\/v2\/users\/9"}],"replies":[{"embeddable":true,"href":"https:\/\/sertv.gob.pa\/nacionalfm\/wp-json\/wp\/v2\/comments?post=93373"}],"version-history":[{"count":1,"href":"https:\/\/sertv.gob.pa\/nacionalfm\/wp-json\/wp\/v2\/posts\/93373\/revisions"}],"predecessor-version":[{"id":93375,"href":"https:\/\/sertv.gob.pa\/nacionalfm\/wp-json\/wp\/v2\/posts\/93373\/revisions\/93375"}],"wp:featuredmedia":[{"embeddable":true,"href":"https:\/\/sertv.gob.pa\/nacionalfm\/wp-json\/wp\/v2\/media\/93374"}],"wp:attachment":[{"href":"https:\/\/sertv.gob.pa\/nacionalfm\/wp-json\/wp\/v2\/media?parent=93373"}],"wp:term":[{"taxonomy":"category","embeddable":true,"href":"https:\/\/sertv.gob.pa\/nacionalfm\/wp-json\/wp\/v2\/categories?post=93373"},{"taxonomy":"post_tag","embeddable":true,"href":"https:\/\/sertv.gob.pa\/nacionalfm\/wp-json\/wp\/v2\/tags?post=93373"}],"curies":[{"name":"wp","href":"https:\/\/api.w.org\/{rel}","templated":true}]}}