{"id":93466,"date":"2024-01-29T13:36:41","date_gmt":"2024-01-29T18:36:41","guid":{"rendered":"https:\/\/sertv.gob.pa\/nacionalfm\/?p=93466"},"modified":"2024-01-29T13:36:41","modified_gmt":"2024-01-29T18:36:41","slug":"macron-convoca-un-gabinete-de-crisis-ante-el-asedio-a-paris-de-los-agricultores","status":"publish","type":"post","link":"https:\/\/sertv.gob.pa\/nacionalfm\/macron-convoca-un-gabinete-de-crisis-ante-el-asedio-a-paris-de-los-agricultores\/","title":{"rendered":"Macron convoca un gabinete de crisis ante el \u201casedio\u201d a Par\u00eds de los agricultores"},"content":{"rendered":"<p><strong><em>Par\u00eds, 29 ene (EFE).- <\/em><\/strong><em>Los agricultores han concretado esta tarde su amenaza de proceder a un \u2018asedio\u2019 a Par\u00eds con bloqueos en algunos de los grandes ejes de acceso a la capital, mientras el presidente, Emmanuel Macron, reun\u00eda un gabinete de crisis.<\/p>\n<p>En l\u00ednea con lo que hab\u00edan anunciado dos de las grandes organizaciones del sector, la todopoderosa Federaci\u00f3n Nacional de Sindicatos de Explotadores Agr\u00edcolas (FNSEA) y sus socios de los J\u00f3venes Agricultores (JJAA), columnas con cientos de tractores han comenzado los bloqueos a partir de las 14.00 hora local (13.00 GMT).<\/p>\n<p>La p\u00e1gina web de informaci\u00f3n sobre el tr\u00e1fico en la regi\u00f3n Ile de France, en la que est\u00e1 Par\u00eds, se\u00f1alaba una hora y media despu\u00e9s al menos ocho cortes de autopistas y carreteras en la regi\u00f3n.<\/em><\/p>\n<p><em>El Gobierno, consciente de la presi\u00f3n, ha anunciado la celebraci\u00f3n de una reuni\u00f3n a partir de las 15.15 locales (14.15 GMT) presidida por Macron para analizar la situaci\u00f3n, con su primer ministro, Gabriel Attal, y los titulares de Agricultura, Marc Fesneau, Econom\u00eda, Bruno Le Maire, Ecolog\u00eda, Christophe B\u00e9chu, e Interior, G\u00e9rald Darmanin.<\/em><\/p>\n<p><em>\u00a0<\/em><\/p>\n","protected":false},"excerpt":{"rendered":"<p>Par\u00eds, 29 ene (EFE).- Los agricultores han concretado esta tarde <a href=\"https:\/\/sertv.gob.pa\/nacionalfm\/macron-convoca-un-gabinete-de-crisis-ante-el-asedio-a-paris-de-los-agricultores\/\"> [&#8230;]<\/a><\/p>\n","protected":false},"author":9,"featured_media":93467,"comment_status":"closed","ping_status":"closed","sticky":false,"template":"","format":"standard","meta":{"footnotes":""},"categories":[3],"tags":[],"class_list":["post-93466","post","type-post","status-publish","format-standard","has-post-thumbnail","hentry","category-internacionales"],"_links":{"self":[{"href":"https:\/\/sertv.gob.pa\/nacionalfm\/wp-json\/wp\/v2\/posts\/93466","targetHints":{"allow":["GET"]}}],"collection":[{"href":"https:\/\/sertv.gob.pa\/nacionalfm\/wp-json\/wp\/v2\/posts"}],"about":[{"href":"https:\/\/sertv.gob.pa\/nacionalfm\/wp-json\/wp\/v2\/types\/post"}],"author":[{"embeddable":true,"href":"https:\/\/sertv.gob.pa\/nacionalfm\/wp-json\/wp\/v2\/users\/9"}],"replies":[{"embeddable":true,"href":"https:\/\/sertv.gob.pa\/nacionalfm\/wp-json\/wp\/v2\/comments?post=93466"}],"version-history":[{"count":1,"href":"https:\/\/sertv.gob.pa\/nacionalfm\/wp-json\/wp\/v2\/posts\/93466\/revisions"}],"predecessor-version":[{"id":93468,"href":"https:\/\/sertv.gob.pa\/nacionalfm\/wp-json\/wp\/v2\/posts\/93466\/revisions\/93468"}],"wp:featuredmedia":[{"embeddable":true,"href":"https:\/\/sertv.gob.pa\/nacionalfm\/wp-json\/wp\/v2\/media\/93467"}],"wp:attachment":[{"href":"https:\/\/sertv.gob.pa\/nacionalfm\/wp-json\/wp\/v2\/media?parent=93466"}],"wp:term":[{"taxonomy":"category","embeddable":true,"href":"https:\/\/sertv.gob.pa\/nacionalfm\/wp-json\/wp\/v2\/categories?post=93466"},{"taxonomy":"post_tag","embeddable":true,"href":"https:\/\/sertv.gob.pa\/nacionalfm\/wp-json\/wp\/v2\/tags?post=93466"}],"curies":[{"name":"wp","href":"https:\/\/api.w.org\/{rel}","templated":true}]}}