{"id":93510,"date":"2024-01-30T13:43:41","date_gmt":"2024-01-30T18:43:41","guid":{"rendered":"https:\/\/sertv.gob.pa\/nacionalfm\/?p=93510"},"modified":"2024-01-30T13:43:41","modified_gmt":"2024-01-30T18:43:41","slug":"corea-del-norte-vuelve-a-lanzar-varios-misiles-de-crucero-al-mar-amarillo","status":"publish","type":"post","link":"https:\/\/sertv.gob.pa\/nacionalfm\/corea-del-norte-vuelve-a-lanzar-varios-misiles-de-crucero-al-mar-amarillo\/","title":{"rendered":"Corea del Norte vuelve a lanzar varios misiles de crucero al mar Amarillo"},"content":{"rendered":"<p><strong><em>Se\u00fal (EFE).-<\/em><\/strong><em> Corea del Norte lanz\u00f3 hoy varios\u00a0<a href=\"https:\/\/efe.com\/mundo\/2024-01-28\/corea-del-norte-lanzamiento-misiles-crucero-mar-amarillo\/\" target=\"_blank\" rel=\"noopener\"><strong>misiles de crucero<\/strong><\/a>\u00a0al mar Amarillo (llamado mar del Oeste en las dos Coreas) en lo que supone el tercer ensayo de este tipo en la \u00faltima semana, inform\u00f3 el Estado Mayor Conjunto (JCS) surcoreano.<\/em><\/p>\n<p><em>Este es el tercer lanzamiento de este tipo que realiza el r\u00e9gimen en los \u00faltimos d\u00edas despu\u00e9s de los ensayos con misiles de crucero Pulhwasal-3-31 (\u2018Flecha ardiente-3-31\u2019) realizados los pasados 24 y 28 de enero efectuados respectivamente en el mar Amarillo y el mar de Jap\u00f3n (mar del Este en las dos Coreas).\u200b<\/em><\/p>\n<p><em>El propio l\u00edder norcoreano, Kim Jong-un, presenci\u00f3 el test del 28 de enero, en el cual Pionyang asegur\u00f3 haber disparado desde un submarino los Pulhwasal-3-31, que habr\u00eda realizado un vuelo de m\u00e1s de dos horas.<\/em><\/p>\n<p><em>Por su parte, Se\u00fal indic\u00f3 que baraja la posibilidad de que el r\u00e9gimen exagerara la duraci\u00f3n del vuelo de los proyectiles y tampoco quiso confirmar si se lanzaron desde un submarino o una plataforma sumergida.<\/em><\/p>\n<p><strong><em>Caracter\u00edsticas de los misiles<\/em><\/strong><\/p>\n<p><em>Corea del Norte desvel\u00f3 en septiembre su nuevo submarino \u2018H\u00e9roe Kim Kun-ok\u2019, te\u00f3ricamente capacitado para lanzar proyectiles de distinto tipo, incluyendo misiles de crucero.<\/em><\/p>\n<p><em>Los expertos creen que los Pulhwasal podr\u00eda ser una tercera versi\u00f3n de los misiles de crucero Hwasal (\u2018Flecha\u2019) y que el n\u00famero 31 har\u00eda referencia a que pueden portar la ojiva nuclear t\u00e1ctica Hwasan-31 (\u2018Volc\u00e1n-31\u2019), cuya existencia se revel\u00f3 por primera vez el a\u00f1o pasado.<\/em><\/p>\n<p><em>Este nuevo test se produce en un contexto de gran tirantez con Corea del Sur, despu\u00e9s de que Kim Jong-un declarara recientemente que el Estado vecino es \u201cel principal enemigo\u201d y que la reconciliaci\u00f3n entre ambos pa\u00edses es imposible para despu\u00e9s ordenar la destrucci\u00f3n de un ic\u00f3nico monumento en Pionyang que exaltaba una futura reunificaci\u00f3n de la pen\u00ednsula.<\/em><\/p>\n","protected":false},"excerpt":{"rendered":"<p>Se\u00fal (EFE).- Corea del Norte lanz\u00f3 hoy varios\u00a0misiles de crucero\u00a0al <a href=\"https:\/\/sertv.gob.pa\/nacionalfm\/corea-del-norte-vuelve-a-lanzar-varios-misiles-de-crucero-al-mar-amarillo\/\"> [&#8230;]<\/a><\/p>\n","protected":false},"author":9,"featured_media":93511,"comment_status":"closed","ping_status":"closed","sticky":false,"template":"","format":"standard","meta":{"footnotes":""},"categories":[3],"tags":[],"class_list":["post-93510","post","type-post","status-publish","format-standard","has-post-thumbnail","hentry","category-internacionales"],"_links":{"self":[{"href":"https:\/\/sertv.gob.pa\/nacionalfm\/wp-json\/wp\/v2\/posts\/93510","targetHints":{"allow":["GET"]}}],"collection":[{"href":"https:\/\/sertv.gob.pa\/nacionalfm\/wp-json\/wp\/v2\/posts"}],"about":[{"href":"https:\/\/sertv.gob.pa\/nacionalfm\/wp-json\/wp\/v2\/types\/post"}],"author":[{"embeddable":true,"href":"https:\/\/sertv.gob.pa\/nacionalfm\/wp-json\/wp\/v2\/users\/9"}],"replies":[{"embeddable":true,"href":"https:\/\/sertv.gob.pa\/nacionalfm\/wp-json\/wp\/v2\/comments?post=93510"}],"version-history":[{"count":1,"href":"https:\/\/sertv.gob.pa\/nacionalfm\/wp-json\/wp\/v2\/posts\/93510\/revisions"}],"predecessor-version":[{"id":93512,"href":"https:\/\/sertv.gob.pa\/nacionalfm\/wp-json\/wp\/v2\/posts\/93510\/revisions\/93512"}],"wp:featuredmedia":[{"embeddable":true,"href":"https:\/\/sertv.gob.pa\/nacionalfm\/wp-json\/wp\/v2\/media\/93511"}],"wp:attachment":[{"href":"https:\/\/sertv.gob.pa\/nacionalfm\/wp-json\/wp\/v2\/media?parent=93510"}],"wp:term":[{"taxonomy":"category","embeddable":true,"href":"https:\/\/sertv.gob.pa\/nacionalfm\/wp-json\/wp\/v2\/categories?post=93510"},{"taxonomy":"post_tag","embeddable":true,"href":"https:\/\/sertv.gob.pa\/nacionalfm\/wp-json\/wp\/v2\/tags?post=93510"}],"curies":[{"name":"wp","href":"https:\/\/api.w.org\/{rel}","templated":true}]}}