{"id":93551,"date":"2024-01-31T14:38:30","date_gmt":"2024-01-31T19:38:30","guid":{"rendered":"https:\/\/sertv.gob.pa\/nacionalfm\/?p=93551"},"modified":"2024-01-31T14:38:30","modified_gmt":"2024-01-31T19:38:30","slug":"netanyahu-asegura-a-los-familiares-de-los-rehenes-en-gaza-que-se-gesta-un-plan-para-liberarles","status":"publish","type":"post","link":"https:\/\/sertv.gob.pa\/nacionalfm\/netanyahu-asegura-a-los-familiares-de-los-rehenes-en-gaza-que-se-gesta-un-plan-para-liberarles\/","title":{"rendered":"Netanyahu asegura a los familiares de los rehenes en Gaza que se gesta un plan para liberarles"},"content":{"rendered":"<p><strong><em>Jerusal\u00e9n, (EFE).-<\/em><\/strong><em> El primer ministro israel\u00ed, Benjam\u00edn Netanyahu, asegur\u00f3 este mi\u00e9rcoles a los familiares de los m\u00e1s de cien rehenes que contin\u00faan en la Franja de Gaza retenidos por el grupo islamista Ham\u00e1s que se prepara un plan para rescatarles, en medio de intensas negociaciones para una nueva tregua en la guerra.<\/p>\n<p>\u201cAunque es demasiado pronto para decir c\u00f3mo suceder\u00e1, el esfuerzo se est\u00e1 haciendo en este mismo momento\u201d, dijo Netanyahu a 26 representantes de 18 familias, durante la reuni\u00f3n celebrada en Jerusal\u00e9n, seg\u00fan un comunicado de su oficina.<\/p>\n<p>\u201cEstamos haciendo todo lo posible\u201d para rescatar a los rehenes, asegur\u00f3 el primer ministro, que se neg\u00f3 a dar detalles del posible pacto con Ham\u00e1s.<\/p>\n<p>\u201cCuanto m\u00e1s discreta sea (la negociaci\u00f3n), mayores son sus posibilidades de \u00e9xito\u201d, argument\u00f3, al asegurar que su voluntad por rescatar a los rehenes es \u201cgenuina\u201d.<\/p>\n<p>Los desesperados familiares de los rehenes han encabezado manifestaciones cada vez m\u00e1s masivas en Tel Aviv, Jerusal\u00e9n y otras ciudades israel\u00edes para presionar a Netanyahu a que ceda ante cualquier demanda de Ham\u00e1s, con tal de rescatar a sus seres queridos.<\/em><\/p>\n","protected":false},"excerpt":{"rendered":"<p>Jerusal\u00e9n, (EFE).- El primer ministro israel\u00ed, Benjam\u00edn Netanyahu, asegur\u00f3 este <a href=\"https:\/\/sertv.gob.pa\/nacionalfm\/netanyahu-asegura-a-los-familiares-de-los-rehenes-en-gaza-que-se-gesta-un-plan-para-liberarles\/\"> [&#8230;]<\/a><\/p>\n","protected":false},"author":9,"featured_media":93552,"comment_status":"closed","ping_status":"closed","sticky":false,"template":"","format":"standard","meta":{"footnotes":""},"categories":[3],"tags":[],"class_list":["post-93551","post","type-post","status-publish","format-standard","has-post-thumbnail","hentry","category-internacionales"],"_links":{"self":[{"href":"https:\/\/sertv.gob.pa\/nacionalfm\/wp-json\/wp\/v2\/posts\/93551","targetHints":{"allow":["GET"]}}],"collection":[{"href":"https:\/\/sertv.gob.pa\/nacionalfm\/wp-json\/wp\/v2\/posts"}],"about":[{"href":"https:\/\/sertv.gob.pa\/nacionalfm\/wp-json\/wp\/v2\/types\/post"}],"author":[{"embeddable":true,"href":"https:\/\/sertv.gob.pa\/nacionalfm\/wp-json\/wp\/v2\/users\/9"}],"replies":[{"embeddable":true,"href":"https:\/\/sertv.gob.pa\/nacionalfm\/wp-json\/wp\/v2\/comments?post=93551"}],"version-history":[{"count":1,"href":"https:\/\/sertv.gob.pa\/nacionalfm\/wp-json\/wp\/v2\/posts\/93551\/revisions"}],"predecessor-version":[{"id":93553,"href":"https:\/\/sertv.gob.pa\/nacionalfm\/wp-json\/wp\/v2\/posts\/93551\/revisions\/93553"}],"wp:featuredmedia":[{"embeddable":true,"href":"https:\/\/sertv.gob.pa\/nacionalfm\/wp-json\/wp\/v2\/media\/93552"}],"wp:attachment":[{"href":"https:\/\/sertv.gob.pa\/nacionalfm\/wp-json\/wp\/v2\/media?parent=93551"}],"wp:term":[{"taxonomy":"category","embeddable":true,"href":"https:\/\/sertv.gob.pa\/nacionalfm\/wp-json\/wp\/v2\/categories?post=93551"},{"taxonomy":"post_tag","embeddable":true,"href":"https:\/\/sertv.gob.pa\/nacionalfm\/wp-json\/wp\/v2\/tags?post=93551"}],"curies":[{"name":"wp","href":"https:\/\/api.w.org\/{rel}","templated":true}]}}