{"id":9359,"date":"2015-12-14T18:48:16","date_gmt":"2015-12-14T18:48:16","guid":{"rendered":""},"modified":"2015-12-14T18:48:16","modified_gmt":"2015-12-14T18:48:16","slug":"la-esquizofrenia-un-mal-incapacitante","status":"publish","type":"post","link":"https:\/\/sertv.gob.pa\/nacionalfm\/la-esquizofrenia-un-mal-incapacitante\/","title":{"rendered":"La esquizofrenia, un mal incapacitante"},"content":{"rendered":"<p>\n\u00bfSabe usted lo que es la esquizofrenia? Pues es un desorden mental severo caracterizado por profundos trastornos en el pensamiento que afectan el lenguaje, la percepci\u00f3n y sentido de identidad en general, que incluye episodios psic\u00f3ticos frecuentes como alucinaciones visuales o auditivas y delirios. <\/p>\n<p>La esquizofrenia es considerada una de las 10 enfermedades m\u00e1s incapacitantes y costosas seg\u00fan la Asociaci\u00f3n Americana de Psiquiatr\u00eda. <\/p>\n<p>Cerca de 21 millones de personas en todo el mundo padecen esta afecci\u00f3n, la cual tiene el potencial de impedir una adaptaci\u00f3n funcional en ambientes familiares o laborales. <\/p>\n<p>Es un padecimiento cr\u00f3nico en el que se presentan crisis de forma recurrente y las manifestaciones de p\u00e9rdida de funcionalidad aumentan a trav\u00e9s del tiempo. <\/p>\n<p>Este padecimiento no puede atribuirse a una causa espec\u00edfica, sino a la combinaci\u00f3n de diversos factores como predisposici\u00f3n gen\u00e9tica, alteraciones en la neuroqu\u00edmica cerebral y factores ambientales (consumo de marihuana, traumas, maltrato, lesiones que impiden el desarrollo normal del cerebro provocadas antes o despu\u00e9s del nacimiento). <\/p>\n<p>Los s\u00edntomas de la esquizofrenia se pueden dividir en tres grupos: <\/p>\n<p>-Los s\u00edntomas positivos o \u00abpsic\u00f3ticos\u00bb que son: delirios, alucinaciones y la p\u00e9rdida de contacto con la realidad. <\/p>\n<p>-Los s\u00edntomas negativos incluyen embotamiento emocional o falta de expresi\u00f3n, incapacidad de empezar y terminar actividades, habla breve e incoherente y apat\u00eda por la vida. <\/p>\n<p>-Los s\u00edntomas desorganizados son ideas y habla confusa, comportamiento sin sentido como caminar en c\u00edrculos o de un lado a otro, ademanes y gestos r\u00edtmicos o movimiento lento. <\/p>\n<p>El tratamiento oportuno es uno de los aspectos clave para controlar la enfermedad y permitir que el paciente pueda mejorar su calidad de vida. <\/p>\n<p>\u00a0 <\/p>\n<p>\u00a0 <\/p>\n","protected":false},"excerpt":{"rendered":"<p>\u00bfSabe usted lo que es la esquizofrenia? Pues es un <a href=\"https:\/\/sertv.gob.pa\/nacionalfm\/la-esquizofrenia-un-mal-incapacitante\/\"> [&#8230;]<\/a><\/p>\n","protected":false},"author":1,"featured_media":9360,"comment_status":"closed","ping_status":"closed","sticky":false,"template":"","format":"standard","meta":{"footnotes":""},"categories":[5],"tags":[],"class_list":["post-9359","post","type-post","status-publish","format-standard","has-post-thumbnail","hentry","category-salud"],"_links":{"self":[{"href":"https:\/\/sertv.gob.pa\/nacionalfm\/wp-json\/wp\/v2\/posts\/9359","targetHints":{"allow":["GET"]}}],"collection":[{"href":"https:\/\/sertv.gob.pa\/nacionalfm\/wp-json\/wp\/v2\/posts"}],"about":[{"href":"https:\/\/sertv.gob.pa\/nacionalfm\/wp-json\/wp\/v2\/types\/post"}],"author":[{"embeddable":true,"href":"https:\/\/sertv.gob.pa\/nacionalfm\/wp-json\/wp\/v2\/users\/1"}],"replies":[{"embeddable":true,"href":"https:\/\/sertv.gob.pa\/nacionalfm\/wp-json\/wp\/v2\/comments?post=9359"}],"version-history":[{"count":0,"href":"https:\/\/sertv.gob.pa\/nacionalfm\/wp-json\/wp\/v2\/posts\/9359\/revisions"}],"wp:featuredmedia":[{"embeddable":true,"href":"https:\/\/sertv.gob.pa\/nacionalfm\/wp-json\/wp\/v2\/media\/9360"}],"wp:attachment":[{"href":"https:\/\/sertv.gob.pa\/nacionalfm\/wp-json\/wp\/v2\/media?parent=9359"}],"wp:term":[{"taxonomy":"category","embeddable":true,"href":"https:\/\/sertv.gob.pa\/nacionalfm\/wp-json\/wp\/v2\/categories?post=9359"},{"taxonomy":"post_tag","embeddable":true,"href":"https:\/\/sertv.gob.pa\/nacionalfm\/wp-json\/wp\/v2\/tags?post=9359"}],"curies":[{"name":"wp","href":"https:\/\/api.w.org\/{rel}","templated":true}]}}