{"id":93615,"date":"2024-02-02T13:21:00","date_gmt":"2024-02-02T18:21:00","guid":{"rendered":"https:\/\/sertv.gob.pa\/nacionalfm\/?p=93615"},"modified":"2024-02-02T13:21:00","modified_gmt":"2024-02-02T18:21:00","slug":"casi-1-700-gazaties-heridos-evacuados-a-traves-de-egipto-desde-el-inicio-de-la-guerra","status":"publish","type":"post","link":"https:\/\/sertv.gob.pa\/nacionalfm\/casi-1-700-gazaties-heridos-evacuados-a-traves-de-egipto-desde-el-inicio-de-la-guerra\/","title":{"rendered":"Casi 1.700 gazat\u00edes heridos evacuados a trav\u00e9s de Egipto desde el inicio de la guerra"},"content":{"rendered":"<p><strong><em>Rafah (Egipto) (EFE).-<\/em><\/strong><em> Al menos 1.693 gazat\u00edes heridos han sido evacuados junto a 1.888 acompa\u00f1antes a trav\u00e9s del paso de Rafah, el \u00fanico que no est\u00e1 controlado por Israel y que conecta la Franja de Gaza con Egipto, desde que empez\u00f3 el proceso de estas salidas a trav\u00e9s del cruce el pasado 1 de noviembre.<\/em><\/p>\n<p><em>Seg\u00fan las autoridades egipcias, la mayor\u00eda de estos evacuados han permanecido en Egipto, mientras que un n\u00famero indeterminado de palestinos han viajado a otros pa\u00edses.<\/em><\/p>\n<p><em>Es el caso de la decena de familias procedentes de Gaza evacuadas este jueves en un avi\u00f3n de la Fuerza A\u00e9rea de Catar desde el aeropuerto egipcio de Al Arish, a unos 20 kil\u00f3metros de Rafah.<\/em><\/p>\n<p><em>\u201cLa gente mor\u00eda ante nuestros ojos\u201d, explic\u00f3 en declaraciones a EFE Amina, procedente del norte de la Franja y quien ser\u00e1 acogida en Doha con su hija, quien result\u00f3 herida en la cabeza a causa de un bombardeo y est\u00e1 pendiente de una operaci\u00f3n.<\/em><\/p>\n<p><em>\u201cFue muy dif\u00edcil llegar a Egipto\u201d, a\u00f1adi\u00f3 Amina, cuyo marido falleci\u00f3 en otro ataque israel\u00ed.<\/em><\/p>\n<p><em>Asegur\u00f3 adem\u00e1s que el camino hacia el sur de la Franja \u201cestaba lleno de peajes israel\u00edes\u201d y que fueron registrados en varias ocasiones.<\/em><\/p>\n<p><strong><em>Ayuda para los gazat\u00edes<\/em><\/strong><\/p>\n<p><em>Adem\u00e1s de los heridos, 27.954 extranjeros o palestinos con doble nacionalidad han logrado cruzar la frontera, seg\u00fan las autoridades de Egipto.<\/em><\/p>\n<p><em>Mientras tanto, cientos de camiones esperan durante d\u00edas para realizar el camino contrario y entrar con ayuda humanitaria a la ciudad de Rafah. Se estima que hay 1,5 millones de palestinos refugiados en tiendas de campa\u00f1a.<\/em><\/p>\n<p><em>Seg\u00fan las autoridades egipcias, desde el pasado 21 de octubre han cruzado 10.940 camiones con 8.218 toneladas de ayuda m\u00e9dica, 6.035 de combustible, 69.928 de comida y 21.498 toneladas de agua.<\/em><\/p>\n<p><em>Todas las mercanc\u00edas que llegan a Rafah deben desviarse a Al Awja, a 40 kil\u00f3metros por carretera, donde las aduaneros israel\u00edes criban el contenido de los convoyes.<\/em><\/p>\n<p><em>Mahmoud, un camionero egipcio, ha realizado ese trayecto en diez ocasiones desde que empez\u00f3 la guerra. Asegur\u00f3 a EFE que \u201csolo ha visto ruinas y tristeza\u201d en Gaza.<\/em><\/p>\n<p><em>Asegura que su cargamento actual, que consiste en mantas y empapadores para beb\u00e9s, est\u00e1 detenido en la puerta de Rafah desde hace 30 d\u00edas.<\/em><\/p>\n","protected":false},"excerpt":{"rendered":"<p>Rafah (Egipto) (EFE).- Al menos 1.693 gazat\u00edes heridos han sido <a href=\"https:\/\/sertv.gob.pa\/nacionalfm\/casi-1-700-gazaties-heridos-evacuados-a-traves-de-egipto-desde-el-inicio-de-la-guerra\/\"> [&#8230;]<\/a><\/p>\n","protected":false},"author":9,"featured_media":93616,"comment_status":"closed","ping_status":"closed","sticky":false,"template":"","format":"standard","meta":{"footnotes":""},"categories":[3],"tags":[],"class_list":["post-93615","post","type-post","status-publish","format-standard","has-post-thumbnail","hentry","category-internacionales"],"_links":{"self":[{"href":"https:\/\/sertv.gob.pa\/nacionalfm\/wp-json\/wp\/v2\/posts\/93615","targetHints":{"allow":["GET"]}}],"collection":[{"href":"https:\/\/sertv.gob.pa\/nacionalfm\/wp-json\/wp\/v2\/posts"}],"about":[{"href":"https:\/\/sertv.gob.pa\/nacionalfm\/wp-json\/wp\/v2\/types\/post"}],"author":[{"embeddable":true,"href":"https:\/\/sertv.gob.pa\/nacionalfm\/wp-json\/wp\/v2\/users\/9"}],"replies":[{"embeddable":true,"href":"https:\/\/sertv.gob.pa\/nacionalfm\/wp-json\/wp\/v2\/comments?post=93615"}],"version-history":[{"count":1,"href":"https:\/\/sertv.gob.pa\/nacionalfm\/wp-json\/wp\/v2\/posts\/93615\/revisions"}],"predecessor-version":[{"id":93617,"href":"https:\/\/sertv.gob.pa\/nacionalfm\/wp-json\/wp\/v2\/posts\/93615\/revisions\/93617"}],"wp:featuredmedia":[{"embeddable":true,"href":"https:\/\/sertv.gob.pa\/nacionalfm\/wp-json\/wp\/v2\/media\/93616"}],"wp:attachment":[{"href":"https:\/\/sertv.gob.pa\/nacionalfm\/wp-json\/wp\/v2\/media?parent=93615"}],"wp:term":[{"taxonomy":"category","embeddable":true,"href":"https:\/\/sertv.gob.pa\/nacionalfm\/wp-json\/wp\/v2\/categories?post=93615"},{"taxonomy":"post_tag","embeddable":true,"href":"https:\/\/sertv.gob.pa\/nacionalfm\/wp-json\/wp\/v2\/tags?post=93615"}],"curies":[{"name":"wp","href":"https:\/\/api.w.org\/{rel}","templated":true}]}}