{"id":93668,"date":"2024-02-05T14:29:15","date_gmt":"2024-02-05T19:29:15","guid":{"rendered":"https:\/\/sertv.gob.pa\/nacionalfm\/?p=93668"},"modified":"2024-02-05T14:29:15","modified_gmt":"2024-02-05T19:29:15","slug":"aumentan-a-112-los-fallecidos-en-los-devastadores-incendios-de-valparaiso-chile","status":"publish","type":"post","link":"https:\/\/sertv.gob.pa\/nacionalfm\/aumentan-a-112-los-fallecidos-en-los-devastadores-incendios-de-valparaiso-chile\/","title":{"rendered":"Aumentan a 112 los fallecidos en los devastadores incendios de Valpara\u00edso (Chile)"},"content":{"rendered":"<p><strong><em>Santiago de Chile (EFE).- <\/em><\/strong><em>El n\u00famero de fallecidos en los devastadores incendios que azotan la regi\u00f3n de Valpara\u00edso, a 100 kil\u00f3metros al oeste de Santiago, aument\u00f3 a 112, de los cuales solo 32 han podido ser identificados, inform\u00f3 la noche de este domingo el subsecretario de Interior chileno, Manuel Monsalve.<\/p>\n<p>Tras la reuni\u00f3n del Comit\u00e9 de Gesti\u00f3n del Riesgo de Desastres (Cogrid), en base a los \u00faltimos datos recogidos por el Servicio M\u00e9dico Legal (SML), Monsalve detall\u00f3 que habr\u00eda un total de casi 40.000 personas afectadas por la destrucci\u00f3n de viviendas \u2013sea por completo o de menor intensidad.<\/p>\n<p>Seg\u00fan la proyecci\u00f3n oficial, que a\u00fan tiene que ser verificada sobre terreno, en Vi\u00f1a del Mar habr\u00eda una afectaci\u00f3n de hasta 12.122 viviendas, mientras que en Quilpu\u00e9, otro de los epicentros del fuego, ser\u00edan 2.700.<\/em><\/p>\n<p><em>\u00a0<\/em><strong><em>La peor emergencia desde el terremoto de 2010<\/em><\/strong><\/p>\n<p><strong><em>\u00a0<\/em><\/strong><em>El presidente chileno, Gabriel Boric, dijo este domingo que \u201ces la tragedia m\u00e1s grande que hemos vivido como pa\u00eds desde el terremoto del 27 de febrero de 2010\u201d.<\/p>\n<p>La autoridad confirm\u00f3 que se espera que las condiciones clim\u00e1ticas de hoy se mantengan para ma\u00f1ana, para facilitar las labores de extinci\u00f3n: \u201cEl principal cambio es que vamos a dejar de tener condiciones extremas, se mantendr\u00e1n altas temperaturas, pero no extremas, y tendremos nubosidad en las ma\u00f1anas, lo que es m\u00e1s favorable para el control de incendios\u201d, explic\u00f3.<\/p>\n<p>Los pron\u00f3sticos apuntan a que, si el clima y los trabajos se mantienen, el foco de mayor magnitud, el de la Reserva Lago Pe\u00f1uelas\/Las Tablas, al costado de la principal autopista de la zona, que ya ha quemado cerca de 8.500 hect\u00e1reas, y el de Lo Moscoso, en Quilpu\u00e9, con 1.550 hect\u00e1reas abrasadas, podr\u00edan ser controlados durante los pr\u00f3ximos d\u00edas.<\/p>\n<p>\u201cNo hay riesgo inminente para la vida de las personas, pero est\u00e1n activos y se sigue trabajando\u201d, agreg\u00f3 Monsalve.<br \/>\nEl Gobierno decidi\u00f3 adelantar el toque de queda desde las 18:00 hora local (21:00 GMT) en los sectores que a\u00fan no han sido evacuados de las localidades de Quilpu\u00e9, Villa Alemana, Limache y Vi\u00f1a del Mar, una medida que busca facilitar las labores de rescate y despejar las v\u00edas de evacuaci\u00f3n.<\/em><\/p>\n<p><strong><em>Preocupaci\u00f3n por la virulencia del incendio en Lo Moscoso<\/em><\/strong><\/p>\n<p><em>El incendio en Lo Moscoso, que ha consumido 1.350 hect\u00e1reas, preocupa debido a su virulencia y proximidad a \u00e1reas densamente pobladas.<\/em><\/p>\n<p><em>El director del Servicio Nacional de Prevenci\u00f3n y Respuesta ante Desastres (Senapred), \u00c1lvaro Hormaz\u00e1bal, se\u00f1al\u00f3 a primera hora del domingo que las condiciones clim\u00e1ticas podr\u00edan mejorar levemente en las pr\u00f3ximas horas, lo que facilitar\u00eda el combate a los incendios.<\/em><\/p>\n<p><em>\u201cA partir de hoy o ma\u00f1ana vamos a tener la vaguada costera (\u2026) Ya podr\u00edamos tener algo de nubosidad en la costa, lo cual hace que aumente la humedad y permite bajar un poco la intensidad del fuego\u201d, indic\u00f3 Hormaz\u00e1bal.<\/em><\/p>\n<p><em>\u00a0<\/em><strong><em>Toque de queda en regiones afectadas por incendios en Chile<\/em><\/strong><\/p>\n<p><em>El Gobierno chileno implement\u00f3 un toque de queda nocturno para facilitar las labores de rescate y despejar las v\u00edas de evacuaci\u00f3n. Podr\u00eda extenderse hasta la noche del domingo en \u00e1reas no evacuadas de Quilpu\u00e9, Villa Alemana, Limache y Vi\u00f1a del Mar.<\/em><\/p>\n<p><em>El gobernador de la regi\u00f3n, Rodrigo Mundaca, anunci\u00f3 en un punto de prensa tras una reuni\u00f3n entre las autoridades y las instituciones regionales que hay \u201cunanimidad de criterios\u201d en mantener la medida, aunque a\u00fan hay que definir el horario.<\/em><\/p>\n<p><em>Mundaca tambi\u00e9n reiter\u00f3 que est\u00e1n investigando la posibilidad de que los fuegos hayan sido intencionados debido a que muchos surgieron de manera simult\u00e1nea.<\/em><\/p>\n<p><em>\u201cNo sabemos si esto es una banda organizada o si son pir\u00f3manos ser\u00e1 la justicia quien dirima aquello se est\u00e1n buscando a los culpables\u201d, agreg\u00f3.<\/em><\/p>\n","protected":false},"excerpt":{"rendered":"<p>Santiago de Chile (EFE).- El n\u00famero de fallecidos en los <a href=\"https:\/\/sertv.gob.pa\/nacionalfm\/aumentan-a-112-los-fallecidos-en-los-devastadores-incendios-de-valparaiso-chile\/\"> [&#8230;]<\/a><\/p>\n","protected":false},"author":9,"featured_media":93669,"comment_status":"closed","ping_status":"closed","sticky":false,"template":"","format":"standard","meta":{"footnotes":""},"categories":[3],"tags":[],"class_list":["post-93668","post","type-post","status-publish","format-standard","has-post-thumbnail","hentry","category-internacionales"],"_links":{"self":[{"href":"https:\/\/sertv.gob.pa\/nacionalfm\/wp-json\/wp\/v2\/posts\/93668","targetHints":{"allow":["GET"]}}],"collection":[{"href":"https:\/\/sertv.gob.pa\/nacionalfm\/wp-json\/wp\/v2\/posts"}],"about":[{"href":"https:\/\/sertv.gob.pa\/nacionalfm\/wp-json\/wp\/v2\/types\/post"}],"author":[{"embeddable":true,"href":"https:\/\/sertv.gob.pa\/nacionalfm\/wp-json\/wp\/v2\/users\/9"}],"replies":[{"embeddable":true,"href":"https:\/\/sertv.gob.pa\/nacionalfm\/wp-json\/wp\/v2\/comments?post=93668"}],"version-history":[{"count":1,"href":"https:\/\/sertv.gob.pa\/nacionalfm\/wp-json\/wp\/v2\/posts\/93668\/revisions"}],"predecessor-version":[{"id":93670,"href":"https:\/\/sertv.gob.pa\/nacionalfm\/wp-json\/wp\/v2\/posts\/93668\/revisions\/93670"}],"wp:featuredmedia":[{"embeddable":true,"href":"https:\/\/sertv.gob.pa\/nacionalfm\/wp-json\/wp\/v2\/media\/93669"}],"wp:attachment":[{"href":"https:\/\/sertv.gob.pa\/nacionalfm\/wp-json\/wp\/v2\/media?parent=93668"}],"wp:term":[{"taxonomy":"category","embeddable":true,"href":"https:\/\/sertv.gob.pa\/nacionalfm\/wp-json\/wp\/v2\/categories?post=93668"},{"taxonomy":"post_tag","embeddable":true,"href":"https:\/\/sertv.gob.pa\/nacionalfm\/wp-json\/wp\/v2\/tags?post=93668"}],"curies":[{"name":"wp","href":"https:\/\/api.w.org\/{rel}","templated":true}]}}