{"id":93671,"date":"2024-02-05T14:47:34","date_gmt":"2024-02-05T19:47:34","guid":{"rendered":"https:\/\/sertv.gob.pa\/nacionalfm\/?p=93671"},"modified":"2024-02-05T14:47:34","modified_gmt":"2024-02-05T19:47:34","slug":"elecciones-en-el-salvador-bukele-se-declara-ganador-y-volvera-a-ser-presidente-dios-quiso-sanar-al-pais","status":"publish","type":"post","link":"https:\/\/sertv.gob.pa\/nacionalfm\/elecciones-en-el-salvador-bukele-se-declara-ganador-y-volvera-a-ser-presidente-dios-quiso-sanar-al-pais\/","title":{"rendered":"Elecciones en El Salvador | Bukele se declara ganador y volver\u00e1 a ser presidente: \u201cDios quiso sanar\u201d al pa\u00eds"},"content":{"rendered":"<p><strong>San Salvador (EFE).-<\/strong><em> \u201cDios quiso\u201d sanar a El Salvador y los ciudadanos decidieron \u201ccontinuar el camino que llevamos en plena libertad y en plena democracia\u201d. As\u00ed ha interpretado el presidente salvadore\u00f1o Nayib Bukele los resultados \u2013 a\u00fan provisionales- de las elecciones celebradas este domingo en el pa\u00eds.<\/em><\/p>\n<p><em>En un discurso de casi 29 minutos y ante miles de sus seguidores, Bukele realiz\u00f3 fuertes reproches a los enviados especiales de los medios extranjeros, especialmente de Espa\u00f1a, y tambi\u00e9n aseguro, en referencia a organismos internacionales y a gobiernos de otros pa\u00edses, que \u201ctambi\u00e9n quieren que se impongan que sean ateos\u201d.<\/em><\/p>\n<p><em>\u201cDios quiso sanar nuestro pa\u00eds y lo san\u00f3\u201d, dijo y sigui\u00f3: \u201cD\u00e9jennos dar la gloria (a Dios) si as\u00ed lo queremos. \u00bfEn qu\u00e9 les afecta, en qu\u00e9 les molesta?\u00a0<\/em><\/p>\n<p><em>Bukele asegur\u00f3 que \u201cgracias a Dios y gracias a este pueblo noble y unido, ustedes han visto como El Salvador pas\u00f3 de ser el m\u00e1s inseguro\u201d y \u201cahora, en estos pr\u00f3ximos cinco a\u00f1os, esperan a ver lo que vamos hacer, porque seguiremos haciendo lo imposible y seguiremos demostrando al mundo el ejemplo de El Salvador\u201d, concluy\u00f3.<\/em><\/p>\n","protected":false},"excerpt":{"rendered":"<p>San Salvador (EFE).- \u201cDios quiso\u201d sanar a El Salvador y <a href=\"https:\/\/sertv.gob.pa\/nacionalfm\/elecciones-en-el-salvador-bukele-se-declara-ganador-y-volvera-a-ser-presidente-dios-quiso-sanar-al-pais\/\"> [&#8230;]<\/a><\/p>\n","protected":false},"author":9,"featured_media":93672,"comment_status":"closed","ping_status":"closed","sticky":false,"template":"","format":"standard","meta":{"footnotes":""},"categories":[3],"tags":[],"class_list":["post-93671","post","type-post","status-publish","format-standard","has-post-thumbnail","hentry","category-internacionales"],"_links":{"self":[{"href":"https:\/\/sertv.gob.pa\/nacionalfm\/wp-json\/wp\/v2\/posts\/93671","targetHints":{"allow":["GET"]}}],"collection":[{"href":"https:\/\/sertv.gob.pa\/nacionalfm\/wp-json\/wp\/v2\/posts"}],"about":[{"href":"https:\/\/sertv.gob.pa\/nacionalfm\/wp-json\/wp\/v2\/types\/post"}],"author":[{"embeddable":true,"href":"https:\/\/sertv.gob.pa\/nacionalfm\/wp-json\/wp\/v2\/users\/9"}],"replies":[{"embeddable":true,"href":"https:\/\/sertv.gob.pa\/nacionalfm\/wp-json\/wp\/v2\/comments?post=93671"}],"version-history":[{"count":1,"href":"https:\/\/sertv.gob.pa\/nacionalfm\/wp-json\/wp\/v2\/posts\/93671\/revisions"}],"predecessor-version":[{"id":93673,"href":"https:\/\/sertv.gob.pa\/nacionalfm\/wp-json\/wp\/v2\/posts\/93671\/revisions\/93673"}],"wp:featuredmedia":[{"embeddable":true,"href":"https:\/\/sertv.gob.pa\/nacionalfm\/wp-json\/wp\/v2\/media\/93672"}],"wp:attachment":[{"href":"https:\/\/sertv.gob.pa\/nacionalfm\/wp-json\/wp\/v2\/media?parent=93671"}],"wp:term":[{"taxonomy":"category","embeddable":true,"href":"https:\/\/sertv.gob.pa\/nacionalfm\/wp-json\/wp\/v2\/categories?post=93671"},{"taxonomy":"post_tag","embeddable":true,"href":"https:\/\/sertv.gob.pa\/nacionalfm\/wp-json\/wp\/v2\/tags?post=93671"}],"curies":[{"name":"wp","href":"https:\/\/api.w.org\/{rel}","templated":true}]}}