{"id":93692,"date":"2024-02-06T13:35:50","date_gmt":"2024-02-06T18:35:50","guid":{"rendered":"https:\/\/sertv.gob.pa\/nacionalfm\/?p=93692"},"modified":"2024-02-06T13:35:50","modified_gmt":"2024-02-06T18:35:50","slug":"los-fallecidos-en-los-incendios-de-valparaiso-suben-a-131-pero-solo-35-fueron-identificados","status":"publish","type":"post","link":"https:\/\/sertv.gob.pa\/nacionalfm\/los-fallecidos-en-los-incendios-de-valparaiso-suben-a-131-pero-solo-35-fueron-identificados\/","title":{"rendered":"Los fallecidos en los incendios de Valpara\u00edso suben a 131, pero solo 35 fueron identificados"},"content":{"rendered":"<p><strong><em>Santiago de Chile (EFE).-<\/em><\/strong><em>La cifra de fallecidos en los devastadores incendios desatados el viernes pasado en la regi\u00f3n de Valpara\u00edso, 100 kil\u00f3metros al noroeste de Santiago, ascendi\u00f3 a 131, de los cuales solo 35 han podido ser identificadas, inform\u00f3 este martes el Servicio M\u00e9dico Legal (SML) de Chile.<\/em><\/p>\n<p><em><br \/>\n\u201cHasta el momento ya han sido entregadas ocho personas fallecidas a sus familias\u201d, agreg\u00f3 la instituci\u00f3n, que el lunes reconoci\u00f3 que el estado de sus cuerpos est\u00e1n dificultando la identificaci\u00f3n.<\/em><\/p>\n<p><em>La cifra total de damnificados a\u00fan no est\u00e1 clara, pero el subsecretario del Interior, Manuel Monsalve, indic\u00f3 el lunes que las viviendas da\u00f1adas podr\u00edan llegar a 15.000, y se estima que a\u00fan hay un centenar de desaparecidos.<\/em><\/p>\n<p><strong><em>Levantamiento lento<\/em><\/strong><\/p>\n<p><em><br \/>\nEl levantamiento de cad\u00e1veres, adem\u00e1s, est\u00e1 siendo lento porque hasta el domingo hab\u00eda muchos focos a\u00fan activos.<br \/>\nSe trata de la mayor cat\u00e1strofe que vive Chile desde el terremoto de 2010, que tuvo una magnitud 8,8 en la escala de Ritcher y provoc\u00f3 525 fallecidos.<\/em><\/p>\n<p><em><br \/>\nLa cadena de incendios comenz\u00f3 el viernes en el la Reserva Lago Pe\u00f1uelas y r\u00e1pidamente se extendi\u00f3 hasta localidades densamente pobladas de los alrededores de la ciudad de Vi\u00f1a del Mar y Quilpu\u00e9 a causa del viento y las altas e inusuales temperaturas.<\/em><\/p>\n<p><strong><em>Sospechas de incendios provocados<\/em><\/strong><\/p>\n<p><em><br \/>\nPor los focos simult\u00e1neos, las autoridades tienen sospechas de que algunos incendios fueron de manera intencional y la Fiscal\u00eda chilena ya ha abierto distintas investigaciones.<\/em><\/p>\n<p><em><br \/>\n\u201cLo vamos a buscar por todas partes y le va a caer todo el peso de la ley, adem\u00e1s del repudio de una sociedad entera, porque el da\u00f1o causado es inconmensurable\u201d, dijo este martes el presidente Gabriel Boric, que decret\u00f3 el estado de excepci\u00f3n por cat\u00e1strofe y est\u00e1 desplegado en terreno desde el fin de semana.<\/em><\/p>\n<p><em><br \/>\nEl mandatario confirm\u00f3 adem\u00e1s que hay varios detenidos por provocar los incendios y tambi\u00e9n varias denuncias contra personas \u201cque est\u00e1n intentando prender focos de fuego\u201d.<\/em><\/p>\n<p><strong><em>Ayuda internacional<\/em><\/strong><\/p>\n<p><em><br \/>\nDiferentes pa\u00edses e instituciones multilaterales se han ofrecido para enviar ayuda a Chile y se espera que este martes lleguen a Santiago las primeras 20 toneladas de v\u00edveres procedentes de M\u00e9xico.<\/em><\/p>\n<p><em><br \/>\nEl tr\u00e1fico en los sectores m\u00e1s afectados por las llamas empeor\u00f3 en los \u00faltimas horas con la llegada masiva de voluntarios que quieren ayudar a retirar escombros y asistir a las familias.<\/em><\/p>\n<p><em><br \/>\nLa Armada chilena, responsables de la seguridad p\u00fablica en las zonas de cat\u00e1strofe y de coordinar la respuesta a emergencia, decret\u00f3 la restricci\u00f3n vehicular para autom\u00f3viles y otras maquinarias particulares hasta el 21 de febrero para facilitar el tr\u00e1nsito de los equipos de rescate, ayuda y reconstrucci\u00f3n.<\/em><\/p>\n","protected":false},"excerpt":{"rendered":"<p>Santiago de Chile (EFE).-La cifra de fallecidos en los devastadores <a href=\"https:\/\/sertv.gob.pa\/nacionalfm\/los-fallecidos-en-los-incendios-de-valparaiso-suben-a-131-pero-solo-35-fueron-identificados\/\"> [&#8230;]<\/a><\/p>\n","protected":false},"author":9,"featured_media":93693,"comment_status":"closed","ping_status":"closed","sticky":false,"template":"","format":"standard","meta":{"footnotes":""},"categories":[3],"tags":[],"class_list":["post-93692","post","type-post","status-publish","format-standard","has-post-thumbnail","hentry","category-internacionales"],"_links":{"self":[{"href":"https:\/\/sertv.gob.pa\/nacionalfm\/wp-json\/wp\/v2\/posts\/93692","targetHints":{"allow":["GET"]}}],"collection":[{"href":"https:\/\/sertv.gob.pa\/nacionalfm\/wp-json\/wp\/v2\/posts"}],"about":[{"href":"https:\/\/sertv.gob.pa\/nacionalfm\/wp-json\/wp\/v2\/types\/post"}],"author":[{"embeddable":true,"href":"https:\/\/sertv.gob.pa\/nacionalfm\/wp-json\/wp\/v2\/users\/9"}],"replies":[{"embeddable":true,"href":"https:\/\/sertv.gob.pa\/nacionalfm\/wp-json\/wp\/v2\/comments?post=93692"}],"version-history":[{"count":1,"href":"https:\/\/sertv.gob.pa\/nacionalfm\/wp-json\/wp\/v2\/posts\/93692\/revisions"}],"predecessor-version":[{"id":93694,"href":"https:\/\/sertv.gob.pa\/nacionalfm\/wp-json\/wp\/v2\/posts\/93692\/revisions\/93694"}],"wp:featuredmedia":[{"embeddable":true,"href":"https:\/\/sertv.gob.pa\/nacionalfm\/wp-json\/wp\/v2\/media\/93693"}],"wp:attachment":[{"href":"https:\/\/sertv.gob.pa\/nacionalfm\/wp-json\/wp\/v2\/media?parent=93692"}],"wp:term":[{"taxonomy":"category","embeddable":true,"href":"https:\/\/sertv.gob.pa\/nacionalfm\/wp-json\/wp\/v2\/categories?post=93692"},{"taxonomy":"post_tag","embeddable":true,"href":"https:\/\/sertv.gob.pa\/nacionalfm\/wp-json\/wp\/v2\/tags?post=93692"}],"curies":[{"name":"wp","href":"https:\/\/api.w.org\/{rel}","templated":true}]}}