{"id":93695,"date":"2024-02-06T13:57:37","date_gmt":"2024-02-06T18:57:37","guid":{"rendered":"https:\/\/sertv.gob.pa\/nacionalfm\/?p=93695"},"modified":"2024-02-06T13:57:37","modified_gmt":"2024-02-06T18:57:37","slug":"catar-ha-recibido-una-respuesta-positiva-de-hamas-sobre-acuerdo-de-liberacion-de-rehenes","status":"publish","type":"post","link":"https:\/\/sertv.gob.pa\/nacionalfm\/catar-ha-recibido-una-respuesta-positiva-de-hamas-sobre-acuerdo-de-liberacion-de-rehenes\/","title":{"rendered":"Catar ha recibido una respuesta \u201cpositiva\u201d de Ham\u00e1s sobre acuerdo de liberaci\u00f3n de rehenes"},"content":{"rendered":"<p><strong><em>Doha, (EFE).- <\/em><\/strong><em>El ministro de Exteriores de Catar, Mohamed bin Abderrahman, dijo que el equipo de mediaci\u00f3n de su pa\u00eds ha recibido una respuesta \u201cpositiva\u201d del grupo islamista Ham\u00e1s en relaci\u00f3n a la propuesta de acuerdo para la liberaci\u00f3n de los rehenes que mantiene cautivos en la Franja de Gaza.<\/p>\n<p>\u201cMe gustar\u00eda informar a los medios de comunicaci\u00f3n que hemos recibido una respuesta de Ham\u00e1s sobre el marco general del acuerdo en materia de rehenes. La respuesta incluye algunos comentarios, pero en general es positiva\u201d, dijo el ministro catar\u00ed en una rueda de prensa en Doha junto al secretario de Estado de EE.UU., Antony Blinken.<\/p>\n<p>Bin Abderrahman, que se neg\u00f3 a dar detalles \u201cdada la sensibilidad de las circunstancias, se mostr\u00f3 \u201coptimista\u201d y asegur\u00f3 que ya han entregado la respuesta de Ham\u00e1s a Israel.<\/em><\/p>\n","protected":false},"excerpt":{"rendered":"<p>Doha, (EFE).- El ministro de Exteriores de Catar, Mohamed bin <a href=\"https:\/\/sertv.gob.pa\/nacionalfm\/catar-ha-recibido-una-respuesta-positiva-de-hamas-sobre-acuerdo-de-liberacion-de-rehenes\/\"> [&#8230;]<\/a><\/p>\n","protected":false},"author":9,"featured_media":93696,"comment_status":"closed","ping_status":"closed","sticky":false,"template":"","format":"standard","meta":{"footnotes":""},"categories":[3],"tags":[],"class_list":["post-93695","post","type-post","status-publish","format-standard","has-post-thumbnail","hentry","category-internacionales"],"_links":{"self":[{"href":"https:\/\/sertv.gob.pa\/nacionalfm\/wp-json\/wp\/v2\/posts\/93695","targetHints":{"allow":["GET"]}}],"collection":[{"href":"https:\/\/sertv.gob.pa\/nacionalfm\/wp-json\/wp\/v2\/posts"}],"about":[{"href":"https:\/\/sertv.gob.pa\/nacionalfm\/wp-json\/wp\/v2\/types\/post"}],"author":[{"embeddable":true,"href":"https:\/\/sertv.gob.pa\/nacionalfm\/wp-json\/wp\/v2\/users\/9"}],"replies":[{"embeddable":true,"href":"https:\/\/sertv.gob.pa\/nacionalfm\/wp-json\/wp\/v2\/comments?post=93695"}],"version-history":[{"count":1,"href":"https:\/\/sertv.gob.pa\/nacionalfm\/wp-json\/wp\/v2\/posts\/93695\/revisions"}],"predecessor-version":[{"id":93697,"href":"https:\/\/sertv.gob.pa\/nacionalfm\/wp-json\/wp\/v2\/posts\/93695\/revisions\/93697"}],"wp:featuredmedia":[{"embeddable":true,"href":"https:\/\/sertv.gob.pa\/nacionalfm\/wp-json\/wp\/v2\/media\/93696"}],"wp:attachment":[{"href":"https:\/\/sertv.gob.pa\/nacionalfm\/wp-json\/wp\/v2\/media?parent=93695"}],"wp:term":[{"taxonomy":"category","embeddable":true,"href":"https:\/\/sertv.gob.pa\/nacionalfm\/wp-json\/wp\/v2\/categories?post=93695"},{"taxonomy":"post_tag","embeddable":true,"href":"https:\/\/sertv.gob.pa\/nacionalfm\/wp-json\/wp\/v2\/tags?post=93695"}],"curies":[{"name":"wp","href":"https:\/\/api.w.org\/{rel}","templated":true}]}}