{"id":937,"date":"2014-08-11T05:00:00","date_gmt":"2014-08-11T05:00:00","guid":{"rendered":""},"modified":"2014-08-11T05:00:00","modified_gmt":"2014-08-11T05:00:00","slug":"nuevo-caso-de-ebola-en-lagos-nigeria","status":"publish","type":"post","link":"https:\/\/sertv.gob.pa\/nacionalfm\/nuevo-caso-de-ebola-en-lagos-nigeria\/","title":{"rendered":"Nuevo caso de \u00e9bola en Lagos, Nigeria"},"content":{"rendered":"<p>\nHoy lunes Nigeria confirma nuevo caso de \u00e9bola en su capital financiera, Lagos, elevando a 10 el n\u00famero de personas infectadas con este virus en el pa\u00eds. <\/p>\n<p>El ministro de Salud, Onyebuchi Chukwu, manifest\u00f3 que el \u00faltimo caso confirmado era el de una enfermera que estuvo en contacto con un hombre liberiano-estadounidense, que muri\u00f3 como consecuencia del \u00e9bola en un hospital de Lagos el pasado 25 de julio. <\/p>\n<p>Chukwu inform\u00f3 que otra enfermera que igualmente estuvo en contacto con el estadounidense tambi\u00e9n muri\u00f3 la semana pasada, mientras se confirmaron otros siete casos de infecci\u00f3n en Lagos, capital econ\u00f3mica del pa\u00eds con m\u00e1s de 20 millones de habitantes. <\/p>\n<p>La Organizaci\u00f3n Mundial de la Salud (OMS) se\u00f1al\u00f3 el viernes que hab\u00eda 13 casos probables o sospechosos de \u00e9bola, incluidos dos decesos, en Nigeria. <\/p>\n<p>El ministerio no se pronunci\u00f3 sobre esta discrepancia.\u00a0 @nacionalFm <\/p>\n<p>\u00a0 <\/p>\n","protected":false},"excerpt":{"rendered":"<p>Hoy lunes Nigeria confirma nuevo caso de \u00e9bola en su <a href=\"https:\/\/sertv.gob.pa\/nacionalfm\/nuevo-caso-de-ebola-en-lagos-nigeria\/\"> [&#8230;]<\/a><\/p>\n","protected":false},"author":1,"featured_media":938,"comment_status":"closed","ping_status":"closed","sticky":false,"template":"","format":"standard","meta":{"footnotes":""},"categories":[5],"tags":[],"class_list":["post-937","post","type-post","status-publish","format-standard","has-post-thumbnail","hentry","category-salud"],"_links":{"self":[{"href":"https:\/\/sertv.gob.pa\/nacionalfm\/wp-json\/wp\/v2\/posts\/937","targetHints":{"allow":["GET"]}}],"collection":[{"href":"https:\/\/sertv.gob.pa\/nacionalfm\/wp-json\/wp\/v2\/posts"}],"about":[{"href":"https:\/\/sertv.gob.pa\/nacionalfm\/wp-json\/wp\/v2\/types\/post"}],"author":[{"embeddable":true,"href":"https:\/\/sertv.gob.pa\/nacionalfm\/wp-json\/wp\/v2\/users\/1"}],"replies":[{"embeddable":true,"href":"https:\/\/sertv.gob.pa\/nacionalfm\/wp-json\/wp\/v2\/comments?post=937"}],"version-history":[{"count":0,"href":"https:\/\/sertv.gob.pa\/nacionalfm\/wp-json\/wp\/v2\/posts\/937\/revisions"}],"wp:featuredmedia":[{"embeddable":true,"href":"https:\/\/sertv.gob.pa\/nacionalfm\/wp-json\/wp\/v2\/media\/938"}],"wp:attachment":[{"href":"https:\/\/sertv.gob.pa\/nacionalfm\/wp-json\/wp\/v2\/media?parent=937"}],"wp:term":[{"taxonomy":"category","embeddable":true,"href":"https:\/\/sertv.gob.pa\/nacionalfm\/wp-json\/wp\/v2\/categories?post=937"},{"taxonomy":"post_tag","embeddable":true,"href":"https:\/\/sertv.gob.pa\/nacionalfm\/wp-json\/wp\/v2\/tags?post=937"}],"curies":[{"name":"wp","href":"https:\/\/api.w.org\/{rel}","templated":true}]}}