{"id":93715,"date":"2024-02-07T13:26:42","date_gmt":"2024-02-07T18:26:42","guid":{"rendered":"https:\/\/sertv.gob.pa\/nacionalfm\/?p=93715"},"modified":"2024-02-07T13:26:42","modified_gmt":"2024-02-07T18:26:42","slug":"el-feretro-del-expresidente-pinera-llega-a-santiago-y-es-recibido-con-honores-por-boric","status":"publish","type":"post","link":"https:\/\/sertv.gob.pa\/nacionalfm\/el-feretro-del-expresidente-pinera-llega-a-santiago-y-es-recibido-con-honores-por-boric\/","title":{"rendered":"El f\u00e9retro del expresidente Pi\u00f1era llega a Santiago y es recibido con honores por Boric"},"content":{"rendered":"<p><strong><em>Santiago de Chile (EFE).-<\/em><\/strong> El f\u00e9retro con el cuerpo del expresidente chileno Sebasti\u00e1n Pi\u00f1era, fallecido este martes en un accidente de helic\u00f3ptero a los 74 a\u00f1os, lleg\u00f3 este mi\u00e9rcoles en un avi\u00f3n de la Fuerza A\u00e9rea de Chile (FACh) al hangar Grupo 10 del aeropuerto de Santiago y fue recibido con honores por el mandatario del pa\u00eds, Gabriel Boric, y varios de sus ministros.<\/p>\n<p>El ata\u00fad, cubierto con una bandera chilena, fue bajado del avi\u00f3n por uniformados de la FACh, mientras sonaba un himno f\u00fanebre militar, y transportado unos metros en un carruaje de madera, escoltado por sus hijos y parte de sus nietos, hasta un autom\u00f3vil que lo llevar\u00e1 a la antigua sede del Congreso Nacional, en Santiago.<\/p>\n<p>La esposa de Pi\u00f1era, Cecilia Morel, viaj\u00f3 en el avi\u00f3n junto a parte de su familia y fue abrazada calurosamente por Boric a su llegada al aeropuerto.<\/p>\n<p>En la antigua sede del Congreso Nacional, el exgobernante ser\u00e1 velado primero por la familia y sus colaboradores m\u00e1s cercanos en privado y ya en horas de la tarde el reciento se abrir\u00e1 al p\u00fablico para la ciudadan\u00eda.<\/p>\n<p><strong>Se celebrar\u00e1 el viernes en la Catedral de Santiago<\/strong><\/p>\n<p>El funeral de Estado del expresidente Sebasti\u00e1n Pi\u00f1era ser\u00e1 el viernes por la ma\u00f1ana en la Catedral Metropolitana de Santiago.<\/p>\n<p>El canciller chileno, Alberto van Klaveren, encargado de organizar el funeral, anunci\u00f3 este mi\u00e9rcoles que \u201cuna vez terminada la misa, los restos de Pi\u00f1era ser\u00e1n trasladados al Cementerio Parque del Recuerdo, no sin antes pasar frente a La Moneda, donde se le rendir\u00e1 un homenaje por parte de la guardia de palacio y el presidente de la Rep\u00fablica, Gabriel Boric\u201d.<\/p>\n<p>Van Klaveren asegur\u00f3 que a\u00fan se est\u00e1n afinando los \u00faltimos detalles e indic\u00f3 que hasta el momento \u201cno tienen confirmaci\u00f3n de qu\u00e9 l\u00edderes internacionales participar\u00e1n en el funeral\u201d.<\/p>\n<p>El ministro ha aprovechado para \u201cagradecer todas las condolencias que hemos recibido como Canciller\u00eda de l\u00edderes extranjeros, jefes de Estado y de Gobierno, cancilleres en ejercicio y tambi\u00e9n expresidentes\u201d.<\/p>\n<p><strong>La Fiscal\u00eda investiga el accidente<\/strong><\/p>\n<p>A las 15:30 hora local del martes (18:30 GMT), el helic\u00f3ptero en el que viajaba Pi\u00f1era, junto a otras tres personas que lograron salvarse, se precipit\u00f3 al poco tiempo de despegar sobre el Lago Ranco, un balnerario tur\u00edstico situado a 800 kil\u00f3metros al sur de Santiago, donde sol\u00eda pasar los veranos con su familia.<\/p>\n<p><em><a href=\"http:\/\/efe.com\/mundo\/2024-02-06\/el-expresidente-de-chile-sebastian-pinera-muere-en-un-accidente-de-helicoptero\/\" target=\"_blank\" rel=\"noopener\"><strong>El expresidente de Chile Sebasti\u00e1n Pi\u00f1era muere en un accidente de helic\u00f3ptero<\/strong><\/a><\/em><\/p>\n<p>Un equipo multidisciplinar, coordinado por la Fiscal\u00eda de la regi\u00f3n de los R\u00edos, en el sur del pa\u00eds, prosigue las investigaciones sobre las causas precisas de la muerte.<\/p>\n<p>Seg\u00fan la fiscal de la citada regi\u00f3n, Tatiana Esquivel, los resultados de la autopsia, que de acuerdo con el Servicio M\u00e9dico Legal (SML) dur\u00f3 cuatro horas, ya han sido entregados a la familia del mandatario, pero no se har\u00e1n p\u00fablicos.<\/p>\n<p>Es por ello que no se esclarecer\u00e1n, al menos de momento, las dos principales versiones que se barajan: un problema t\u00e9cnico ante las malas condiciones climatol\u00f3gicas en la zona, con fuerte viento y lluvia, o alg\u00fan problema f\u00edsico del mandatario.<\/p>\n<p>Seg\u00fan medios locales, Pi\u00f1era conduc\u00eda el aparato en medio de una intensa lluvia, y se hundi\u00f3 al no poder desabrocharse el cintur\u00f3n de seguridad.<\/p>\n","protected":false},"excerpt":{"rendered":"<p>Santiago de Chile (EFE).- El f\u00e9retro con el cuerpo del <a href=\"https:\/\/sertv.gob.pa\/nacionalfm\/el-feretro-del-expresidente-pinera-llega-a-santiago-y-es-recibido-con-honores-por-boric\/\"> [&#8230;]<\/a><\/p>\n","protected":false},"author":9,"featured_media":93716,"comment_status":"closed","ping_status":"closed","sticky":false,"template":"","format":"standard","meta":{"footnotes":""},"categories":[3],"tags":[],"class_list":["post-93715","post","type-post","status-publish","format-standard","has-post-thumbnail","hentry","category-internacionales"],"_links":{"self":[{"href":"https:\/\/sertv.gob.pa\/nacionalfm\/wp-json\/wp\/v2\/posts\/93715","targetHints":{"allow":["GET"]}}],"collection":[{"href":"https:\/\/sertv.gob.pa\/nacionalfm\/wp-json\/wp\/v2\/posts"}],"about":[{"href":"https:\/\/sertv.gob.pa\/nacionalfm\/wp-json\/wp\/v2\/types\/post"}],"author":[{"embeddable":true,"href":"https:\/\/sertv.gob.pa\/nacionalfm\/wp-json\/wp\/v2\/users\/9"}],"replies":[{"embeddable":true,"href":"https:\/\/sertv.gob.pa\/nacionalfm\/wp-json\/wp\/v2\/comments?post=93715"}],"version-history":[{"count":1,"href":"https:\/\/sertv.gob.pa\/nacionalfm\/wp-json\/wp\/v2\/posts\/93715\/revisions"}],"predecessor-version":[{"id":93717,"href":"https:\/\/sertv.gob.pa\/nacionalfm\/wp-json\/wp\/v2\/posts\/93715\/revisions\/93717"}],"wp:featuredmedia":[{"embeddable":true,"href":"https:\/\/sertv.gob.pa\/nacionalfm\/wp-json\/wp\/v2\/media\/93716"}],"wp:attachment":[{"href":"https:\/\/sertv.gob.pa\/nacionalfm\/wp-json\/wp\/v2\/media?parent=93715"}],"wp:term":[{"taxonomy":"category","embeddable":true,"href":"https:\/\/sertv.gob.pa\/nacionalfm\/wp-json\/wp\/v2\/categories?post=93715"},{"taxonomy":"post_tag","embeddable":true,"href":"https:\/\/sertv.gob.pa\/nacionalfm\/wp-json\/wp\/v2\/tags?post=93715"}],"curies":[{"name":"wp","href":"https:\/\/api.w.org\/{rel}","templated":true}]}}