{"id":93742,"date":"2024-02-08T12:57:50","date_gmt":"2024-02-08T17:57:50","guid":{"rendered":"https:\/\/sertv.gob.pa\/nacionalfm\/?p=93742"},"modified":"2024-02-08T12:57:50","modified_gmt":"2024-02-08T17:57:50","slug":"las-protestas-de-los-agricultores-dejan-en-tres-dias-19-detenidos-y-2-725-identificados","status":"publish","type":"post","link":"https:\/\/sertv.gob.pa\/nacionalfm\/las-protestas-de-los-agricultores-dejan-en-tres-dias-19-detenidos-y-2-725-identificados\/","title":{"rendered":"Las protestas de los agricultores dejan en tres d\u00edas 19 detenidos y 2.725 identificados"},"content":{"rendered":"<p><strong><em>Madrid, (EFE).-<\/em><\/strong> Las fuerzas de seguridad han detenido desde el martes a 19 personas en el marco de las protestas que est\u00e1n protagonizando los agricultores en distintos puntos del pa\u00eds y han identificado para propuesta de sanci\u00f3n administrativa a 2.725.<\/p>\n<p>Este es el balance de las movilizaciones hasta las 12:00 horas de este jueves, difundido por el Ministerio del Interior tras la reuni\u00f3n del comit\u00e9 de seguimiento.<\/p>\n<p>De acuerdo con esas cifras, se han incoado 799 denuncias administrativas y 4.200 denuncias de tr\u00e1fico.<\/p>\n","protected":false},"excerpt":{"rendered":"<p>Madrid, (EFE).- Las fuerzas de seguridad han detenido desde el <a href=\"https:\/\/sertv.gob.pa\/nacionalfm\/las-protestas-de-los-agricultores-dejan-en-tres-dias-19-detenidos-y-2-725-identificados\/\"> [&#8230;]<\/a><\/p>\n","protected":false},"author":9,"featured_media":93743,"comment_status":"closed","ping_status":"closed","sticky":false,"template":"","format":"standard","meta":{"footnotes":""},"categories":[3],"tags":[],"class_list":["post-93742","post","type-post","status-publish","format-standard","has-post-thumbnail","hentry","category-internacionales"],"_links":{"self":[{"href":"https:\/\/sertv.gob.pa\/nacionalfm\/wp-json\/wp\/v2\/posts\/93742","targetHints":{"allow":["GET"]}}],"collection":[{"href":"https:\/\/sertv.gob.pa\/nacionalfm\/wp-json\/wp\/v2\/posts"}],"about":[{"href":"https:\/\/sertv.gob.pa\/nacionalfm\/wp-json\/wp\/v2\/types\/post"}],"author":[{"embeddable":true,"href":"https:\/\/sertv.gob.pa\/nacionalfm\/wp-json\/wp\/v2\/users\/9"}],"replies":[{"embeddable":true,"href":"https:\/\/sertv.gob.pa\/nacionalfm\/wp-json\/wp\/v2\/comments?post=93742"}],"version-history":[{"count":1,"href":"https:\/\/sertv.gob.pa\/nacionalfm\/wp-json\/wp\/v2\/posts\/93742\/revisions"}],"predecessor-version":[{"id":93744,"href":"https:\/\/sertv.gob.pa\/nacionalfm\/wp-json\/wp\/v2\/posts\/93742\/revisions\/93744"}],"wp:featuredmedia":[{"embeddable":true,"href":"https:\/\/sertv.gob.pa\/nacionalfm\/wp-json\/wp\/v2\/media\/93743"}],"wp:attachment":[{"href":"https:\/\/sertv.gob.pa\/nacionalfm\/wp-json\/wp\/v2\/media?parent=93742"}],"wp:term":[{"taxonomy":"category","embeddable":true,"href":"https:\/\/sertv.gob.pa\/nacionalfm\/wp-json\/wp\/v2\/categories?post=93742"},{"taxonomy":"post_tag","embeddable":true,"href":"https:\/\/sertv.gob.pa\/nacionalfm\/wp-json\/wp\/v2\/tags?post=93742"}],"curies":[{"name":"wp","href":"https:\/\/api.w.org\/{rel}","templated":true}]}}