{"id":9377,"date":"2015-12-15T16:29:08","date_gmt":"2015-12-15T16:29:08","guid":{"rendered":""},"modified":"2015-12-15T16:29:08","modified_gmt":"2015-12-15T16:29:08","slug":"minsa-retira-farmacos-que-tienen-nimesulida","status":"publish","type":"post","link":"https:\/\/sertv.gob.pa\/nacionalfm\/minsa-retira-farmacos-que-tienen-nimesulida\/","title":{"rendered":"Minsa retira f\u00e1rmacos que tienen Nimesulida"},"content":{"rendered":"<p>\nEl  Ministerio de Salud \u00a0orden\u00f3 cancelar el registro sanitario de 3 medicamentos que contienen  Nimesulida , un antiinflamatorio y analg\u00e9sico, debido a que ocasiona graves da\u00f1os al h\u00edgado. <\/p>\n<p>La  Direcci\u00f3n Nacional de Farmacias y Drogas del    Ministerio de Salud   \u00a0(Minsa) \u00a0anunci\u00f3 el retiro del mercado paname\u00f1o de los medicamentos \u00a0que contengan el principio activo de Nimesulida, \u00a0unanalg\u00e9sico antiinflamatorio no esterioideo y antipir\u00e9tico (Aine). <\/p>\n<p>De acuerdo con\u00a0documentos publicados por el Minsa, la decisi\u00f3n se debe a que se detect\u00f3 que este principio activo puede causar graves da\u00f1os al h\u00edgado de\u00a0los pacientes. <\/p>\n<p>En Panam\u00e1, seg\u00fan el informe presentado por le Minsa, tres medicamentos tienen registros sanitarios con este principio activo:\u00a0Severin en tabletas y suspensi\u00f3n, adem\u00e1s de Apolide en formato de tabletas. <\/p>\n<p>\u00a0 <\/p>\n","protected":false},"excerpt":{"rendered":"<p>El Ministerio de Salud \u00a0orden\u00f3 cancelar el registro sanitario de <a href=\"https:\/\/sertv.gob.pa\/nacionalfm\/minsa-retira-farmacos-que-tienen-nimesulida\/\"> [&#8230;]<\/a><\/p>\n","protected":false},"author":1,"featured_media":9378,"comment_status":"closed","ping_status":"closed","sticky":false,"template":"","format":"standard","meta":{"footnotes":""},"categories":[5],"tags":[],"class_list":["post-9377","post","type-post","status-publish","format-standard","has-post-thumbnail","hentry","category-salud"],"_links":{"self":[{"href":"https:\/\/sertv.gob.pa\/nacionalfm\/wp-json\/wp\/v2\/posts\/9377","targetHints":{"allow":["GET"]}}],"collection":[{"href":"https:\/\/sertv.gob.pa\/nacionalfm\/wp-json\/wp\/v2\/posts"}],"about":[{"href":"https:\/\/sertv.gob.pa\/nacionalfm\/wp-json\/wp\/v2\/types\/post"}],"author":[{"embeddable":true,"href":"https:\/\/sertv.gob.pa\/nacionalfm\/wp-json\/wp\/v2\/users\/1"}],"replies":[{"embeddable":true,"href":"https:\/\/sertv.gob.pa\/nacionalfm\/wp-json\/wp\/v2\/comments?post=9377"}],"version-history":[{"count":0,"href":"https:\/\/sertv.gob.pa\/nacionalfm\/wp-json\/wp\/v2\/posts\/9377\/revisions"}],"wp:featuredmedia":[{"embeddable":true,"href":"https:\/\/sertv.gob.pa\/nacionalfm\/wp-json\/wp\/v2\/media\/9378"}],"wp:attachment":[{"href":"https:\/\/sertv.gob.pa\/nacionalfm\/wp-json\/wp\/v2\/media?parent=9377"}],"wp:term":[{"taxonomy":"category","embeddable":true,"href":"https:\/\/sertv.gob.pa\/nacionalfm\/wp-json\/wp\/v2\/categories?post=9377"},{"taxonomy":"post_tag","embeddable":true,"href":"https:\/\/sertv.gob.pa\/nacionalfm\/wp-json\/wp\/v2\/tags?post=9377"}],"curies":[{"name":"wp","href":"https:\/\/api.w.org\/{rel}","templated":true}]}}