{"id":93777,"date":"2024-02-09T13:09:54","date_gmt":"2024-02-09T18:09:54","guid":{"rendered":"https:\/\/sertv.gob.pa\/nacionalfm\/?p=93777"},"modified":"2024-02-09T13:24:28","modified_gmt":"2024-02-09T18:24:28","slug":"karlotta-deja-un-fin-de-semana-invernal-con-lluvia-viento-y-nieve-en-cotas-bajas-de-montana","status":"publish","type":"post","link":"https:\/\/sertv.gob.pa\/nacionalfm\/karlotta-deja-un-fin-de-semana-invernal-con-lluvia-viento-y-nieve-en-cotas-bajas-de-montana\/","title":{"rendered":"Karlotta deja un fin de semana invernal con lluvia, viento y nieve en cotas bajas de monta\u00f1a"},"content":{"rendered":"<p><strong><em>Madrid (EFE).-<\/em><\/strong> El fin de semana estar\u00e1 dominado por la influencia de la borrasca Karlotta que dejar\u00e1 lluvias generalizadas, nevadas en cotas bajas de monta\u00f1a (700-1.000 metros), mala mar con olas por encima de los 7 metros y temperaturas en acusado descenso, que favorecer\u00e1n un ambiente m\u00e1s invernal avivado por los vientos.<\/p>\n<p>Karlotta, situada a estas horas al oeste de Irlanda, seguir\u00e1 dejando este fin de semana abundante precipitaci\u00f3n, ha explicado Cayetano Torres, portavoz de Aemet, quien precisa que en las \u00faltimas horas se han recogido hasta 114 litros por metro cuadrado en puntos de A Coru\u00f1a, 66 litros en \u00e1reas de Pontevedra, 47 litros en el Pirineo de Huesca, 101 litros en el sistema Central cacere\u00f1o y 68 litros en la sierra de Huelva.<\/p>\n<p>Por el contrario, en el \u00e1rea del Levante ha habido \u201cpoca o nula precipitaci\u00f3n\u201d, y cabe destacar los poco m\u00e1s de tres litros por metro cuadrado de lluvia registrados desde la pasada madrugada en Alicante, que suponen aproximadamente la mitad de lo recogido desde el pasado 1 de octubre al sur de la Comunitat Valenciana.<\/p>\n<p>El otro protagonista meteorol\u00f3gico de la pasada noche ha sido el viento, que ha llegado a registrar \u201cpotent\u00edsimas\u201d rachas de hasta 180 km\/h en Cabrales, 163 Km\/h en Picos de Europa, 153 Km\/h en la Covatilla y 141 Km\/h en Sierra Nevada.<\/p>\n<p><strong>Viernes de lluvias salvo en el Mediterr\u00e1neo<\/strong><\/p>\n<p>Este viernes, la influencia de un frente Atl\u00e1ntico muy activo asociado a Karlotta dejar\u00e1 lluvias generalizadas, excepto en el \u00e1rea mediterr\u00e1nea, que ser\u00e1n localmente fuertes o persistentes en el oeste de Galicia y del sistema Central, Pirineos y Andaluc\u00eda, acompa\u00f1adas de tormentas.<\/p>\n<p>&nbsp;<\/p>\n","protected":false},"excerpt":{"rendered":"<p>Madrid (EFE).- El fin de semana estar\u00e1 dominado por la <a href=\"https:\/\/sertv.gob.pa\/nacionalfm\/karlotta-deja-un-fin-de-semana-invernal-con-lluvia-viento-y-nieve-en-cotas-bajas-de-montana\/\"> [&#8230;]<\/a><\/p>\n","protected":false},"author":9,"featured_media":93778,"comment_status":"closed","ping_status":"closed","sticky":false,"template":"","format":"standard","meta":{"footnotes":""},"categories":[3],"tags":[],"class_list":["post-93777","post","type-post","status-publish","format-standard","has-post-thumbnail","hentry","category-internacionales"],"_links":{"self":[{"href":"https:\/\/sertv.gob.pa\/nacionalfm\/wp-json\/wp\/v2\/posts\/93777","targetHints":{"allow":["GET"]}}],"collection":[{"href":"https:\/\/sertv.gob.pa\/nacionalfm\/wp-json\/wp\/v2\/posts"}],"about":[{"href":"https:\/\/sertv.gob.pa\/nacionalfm\/wp-json\/wp\/v2\/types\/post"}],"author":[{"embeddable":true,"href":"https:\/\/sertv.gob.pa\/nacionalfm\/wp-json\/wp\/v2\/users\/9"}],"replies":[{"embeddable":true,"href":"https:\/\/sertv.gob.pa\/nacionalfm\/wp-json\/wp\/v2\/comments?post=93777"}],"version-history":[{"count":1,"href":"https:\/\/sertv.gob.pa\/nacionalfm\/wp-json\/wp\/v2\/posts\/93777\/revisions"}],"predecessor-version":[{"id":93779,"href":"https:\/\/sertv.gob.pa\/nacionalfm\/wp-json\/wp\/v2\/posts\/93777\/revisions\/93779"}],"wp:featuredmedia":[{"embeddable":true,"href":"https:\/\/sertv.gob.pa\/nacionalfm\/wp-json\/wp\/v2\/media\/93778"}],"wp:attachment":[{"href":"https:\/\/sertv.gob.pa\/nacionalfm\/wp-json\/wp\/v2\/media?parent=93777"}],"wp:term":[{"taxonomy":"category","embeddable":true,"href":"https:\/\/sertv.gob.pa\/nacionalfm\/wp-json\/wp\/v2\/categories?post=93777"},{"taxonomy":"post_tag","embeddable":true,"href":"https:\/\/sertv.gob.pa\/nacionalfm\/wp-json\/wp\/v2\/tags?post=93777"}],"curies":[{"name":"wp","href":"https:\/\/api.w.org\/{rel}","templated":true}]}}