{"id":93835,"date":"2024-02-19T12:56:21","date_gmt":"2024-02-19T17:56:21","guid":{"rendered":"https:\/\/sertv.gob.pa\/nacionalfm\/?p=93835"},"modified":"2024-02-19T12:56:21","modified_gmt":"2024-02-19T17:56:21","slug":"las-tropas-ucranianas-se-reagrupan-tras-la-caida-de-avdivka-para-frenar-la-ofensiva-rusa","status":"publish","type":"post","link":"https:\/\/sertv.gob.pa\/nacionalfm\/las-tropas-ucranianas-se-reagrupan-tras-la-caida-de-avdivka-para-frenar-la-ofensiva-rusa\/","title":{"rendered":"Las tropas ucranianas se reagrupan tras la ca\u00edda de Avdivka para frenar la ofensiva rusa"},"content":{"rendered":"<p><strong><em>Kiev\/Mosc\u00fa, (EFE)- <\/em><\/strong>Tras la ca\u00edda de Avdivka, uno de los bastiones de Kiev en el Donb\u00e1s, las tropas ucranianas han comenzado a reagruparse en sus nuevas l\u00edneas defensivas para intentar impedir que las fuerzas rusas progresen en ese sector del frente.<\/p>\n<p>\u201cEn el sector Avdivka, nuestros defensores repelieron cinco ataques enemigos en las zonas de Novobajmutivka, Lastochkino y Pervomaisky\u201d, afirm\u00f3 este lunes en su canal de Telegram el comandante de la agrupaci\u00f3n de tropas ucraniana Tavria, general Oleksandr Tarnavski.<\/p>\n<p>Agreg\u00f3 que all\u00ed el Ej\u00e9rcito ucraniano ha establecido \u201cnuevas l\u00edneas defensivas y est\u00e1 repeliendo con \u00e9xito los intentos de los invasores de desarrollar una ofensiva\u201d.<\/p>\n","protected":false},"excerpt":{"rendered":"<p>Kiev\/Mosc\u00fa, (EFE)- Tras la ca\u00edda de Avdivka, uno de los <a href=\"https:\/\/sertv.gob.pa\/nacionalfm\/las-tropas-ucranianas-se-reagrupan-tras-la-caida-de-avdivka-para-frenar-la-ofensiva-rusa\/\"> [&#8230;]<\/a><\/p>\n","protected":false},"author":9,"featured_media":93836,"comment_status":"closed","ping_status":"closed","sticky":false,"template":"","format":"standard","meta":{"footnotes":""},"categories":[3],"tags":[],"class_list":["post-93835","post","type-post","status-publish","format-standard","has-post-thumbnail","hentry","category-internacionales"],"_links":{"self":[{"href":"https:\/\/sertv.gob.pa\/nacionalfm\/wp-json\/wp\/v2\/posts\/93835","targetHints":{"allow":["GET"]}}],"collection":[{"href":"https:\/\/sertv.gob.pa\/nacionalfm\/wp-json\/wp\/v2\/posts"}],"about":[{"href":"https:\/\/sertv.gob.pa\/nacionalfm\/wp-json\/wp\/v2\/types\/post"}],"author":[{"embeddable":true,"href":"https:\/\/sertv.gob.pa\/nacionalfm\/wp-json\/wp\/v2\/users\/9"}],"replies":[{"embeddable":true,"href":"https:\/\/sertv.gob.pa\/nacionalfm\/wp-json\/wp\/v2\/comments?post=93835"}],"version-history":[{"count":1,"href":"https:\/\/sertv.gob.pa\/nacionalfm\/wp-json\/wp\/v2\/posts\/93835\/revisions"}],"predecessor-version":[{"id":93837,"href":"https:\/\/sertv.gob.pa\/nacionalfm\/wp-json\/wp\/v2\/posts\/93835\/revisions\/93837"}],"wp:featuredmedia":[{"embeddable":true,"href":"https:\/\/sertv.gob.pa\/nacionalfm\/wp-json\/wp\/v2\/media\/93836"}],"wp:attachment":[{"href":"https:\/\/sertv.gob.pa\/nacionalfm\/wp-json\/wp\/v2\/media?parent=93835"}],"wp:term":[{"taxonomy":"category","embeddable":true,"href":"https:\/\/sertv.gob.pa\/nacionalfm\/wp-json\/wp\/v2\/categories?post=93835"},{"taxonomy":"post_tag","embeddable":true,"href":"https:\/\/sertv.gob.pa\/nacionalfm\/wp-json\/wp\/v2\/tags?post=93835"}],"curies":[{"name":"wp","href":"https:\/\/api.w.org\/{rel}","templated":true}]}}