{"id":93838,"date":"2024-02-19T13:37:55","date_gmt":"2024-02-19T18:37:55","guid":{"rendered":"https:\/\/sertv.gob.pa\/nacionalfm\/?p=93838"},"modified":"2024-02-19T13:37:55","modified_gmt":"2024-02-19T18:37:55","slug":"roban-el-huevo-de-un-avestruz-en-peligro-de-extincion-en-una-reserva-de-almeria","status":"publish","type":"post","link":"https:\/\/sertv.gob.pa\/nacionalfm\/roban-el-huevo-de-un-avestruz-en-peligro-de-extincion-en-una-reserva-de-almeria\/","title":{"rendered":"Roban el huevo de un avestruz en peligro de extinci\u00f3n en una reserva de Almer\u00eda"},"content":{"rendered":"<div class=\"fusion-fullwidth fullwidth-box fusion-builder-row-1 fusion-flex-container has-pattern-background has-mask-background nonhundred-percent-fullwidth non-hundred-percent-height-scrolling\" style=\"--awb-border-radius-top-left:0px;--awb-border-radius-top-right:0px;--awb-border-radius-bottom-right:0px;--awb-border-radius-bottom-left:0px;--awb-flex-wrap:wrap;\" ><div class=\"fusion-builder-row fusion-row fusion-flex-align-items-flex-start fusion-flex-content-wrap\" style=\"max-width:1144px;margin-left: calc(-4% \/ 2 );margin-right: calc(-4% \/ 2 );\"><div class=\"fusion-layout-column fusion_builder_column fusion-builder-column-0 fusion_builder_column_1_1 1_1 fusion-flex-column\" style=\"--awb-bg-size:cover;--awb-width-large:100%;--awb-margin-top-large:0px;--awb-spacing-right-large:1.92%;--awb-margin-bottom-large:20px;--awb-spacing-left-large:1.92%;--awb-width-medium:100%;--awb-order-medium:0;--awb-spacing-right-medium:1.92%;--awb-spacing-left-medium:1.92%;--awb-width-small:100%;--awb-order-small:0;--awb-spacing-right-small:1.92%;--awb-spacing-left-small:1.92%;\"><div class=\"fusion-column-wrapper fusion-column-has-shadow fusion-flex-justify-content-flex-start fusion-content-layout-column\"><div class=\"fusion-text fusion-text-1\"><p><strong><em>Almer\u00eda, (EFE).- <\/em><\/strong>Los responsables de la Reserva Zool\u00f3gica del Parque Oasys MiniHollywood de Tabernas (Almer\u00eda) han denunciado el robo de un huevo de avestruz de cuello rojo, una especie en peligro de extinci\u00f3n de la que quedan menos de 40 ejemplares en el mundo, todos ellos en cautividad.<\/p>\n<p>El director del parque, Jos\u00e9 Mar\u00eda Rodr\u00edguez Linde, ha explicado a EFE que la p<a href=\"https:\/\/efe.com\/otras-noticias-espana\/2023-01-15\/huevos-avestruz-4-000-anos-israel\/\" target=\"_blank\" rel=\"noopener\">areja de avestruces\u00a0<\/a>de esta reserva lleva un par de semanas en celo. \u201cLa semana pasada el macho cubri\u00f3 dos veces a la hembra, que aguanta el esperma en una bolsa o espermoteca hasta que pone los huevos\u201d, explica.<\/p>\n<p>Este domingo por la ma\u00f1ana el personal de la reserva localiz\u00f3 el primer huevo fecundado, que horas m\u00e1s tarde desapareci\u00f3.<\/p>\n<p>Rodr\u00edguez Linde se\u00f1ala que el robo se tuvo que producir entre las dos y las tres y media de la tarde. \u201cHemos encontrado huellas de deportivas en el \u00e1rea de vallado. Hay una doble valla, esta persona tuvo que saltar las dos.<\/p>\n<p>Adem\u00e1s, estos animales miden entre dos metros y medio y tres, la persona que lo hizo no era consciente del riesgo tan grande que asum\u00eda, porque una patada de avestruz te puede matar\u201d, asevera.<\/p>\n<p><em>Huevo a\u00fan viable<\/em><\/p>\n<p>El director incide en que este peligro es mucho mayor en \u00e9poca de celo, ya que hasta el propio equipo veterinario de la reserva ha modificado su protocolo de actuaci\u00f3n con estas aves debido a este motivo.<\/p>\n<p>\u201cTuvo que ser alg\u00fan desaprensivo entre las m\u00e1s de mil personas que este domingo\u00a0<a href=\"https:\/\/www.oasysparquetematico.com\/reserva-zoologica\/\" target=\"_blank\" rel=\"noopener\">visitaron la reserva zool\u00f3gica<\/a>. Pensamos que meti\u00f3 el huevo en una mochila y sali\u00f3 por la puerta\u201d, ha a\u00f1adido.<\/p>\n<p>Traslada que a\u00fan no se ha denunciado ante la Guardia Civil debido a que el puesto de Tabernas se encontraba cerrado este domingo, aunque manifiesta que la denuncia se presentar\u00e1 esta misma ma\u00f1ana. Desde la Comandancia de Almer\u00eda han confirmado a EFE que, efectivamente, a\u00fan no consta una denuncia oficial por este motivo.<\/p>\n<p>\u201cEn el hipot\u00e9tico caso de que alguien lea esto, me gustar\u00eda decirle que el huevo a\u00fan sigue siendo viable. Durante los siguientes 12 d\u00edas lo seguir\u00e1 siendo y aunque la madre no lo incubase porque se haya roto el celo, tenemos capacidad para incubarlo y opciones para llevar a cabo el intento. \u00c9ste es un programa europeo de cr\u00eda en cautividad de especies muy amenazadas que tiene el objetivo de reintroducirlas\u201d, concluye. EFE<\/p>\n<\/div><div class=\"awb-gallery-wrapper awb-gallery-wrapper-1 button-span-no\" style=\"--more-btn-alignment:center;\"><div style=\"margin:-5px;--awb-bordersize:0px;\" class=\"fusion-gallery fusion-gallery-container fusion-grid-3 fusion-columns-total-2 fusion-gallery-layout-grid fusion-gallery-1\"><div style=\"padding:5px;\" class=\"fusion-grid-column fusion-gallery-column fusion-gallery-column-3 hover-type-none\"><div class=\"fusion-gallery-image\"><a href=\"https:\/\/sertv.gob.pa\/nacionalfm\/wp-content\/uploads\/sites\/6\/2024\/02\/AVESTRUZ-HUEVO-2.jpg\" rel=\"noreferrer\" data-rel=\"iLightbox[gallery_image_1]\" class=\"fusion-lightbox\" target=\"_self\"><img decoding=\"async\" src=\"https:\/\/sertv.gob.pa\/nacionalfm\/wp-content\/uploads\/sites\/6\/2024\/02\/AVESTRUZ-HUEVO-2.jpg\" width=\"612\" height=\"433\" alt=\"\" title=\"AVESTRUZ HUEVO 2\" aria-label=\"AVESTRUZ HUEVO 2\" class=\"img-responsive wp-image-93840\" srcset=\"https:\/\/sertv.gob.pa\/nacionalfm\/wp-content\/uploads\/sites\/6\/2024\/02\/AVESTRUZ-HUEVO-2-200x142.jpg 200w, https:\/\/sertv.gob.pa\/nacionalfm\/wp-content\/uploads\/sites\/6\/2024\/02\/AVESTRUZ-HUEVO-2-400x283.jpg 400w, https:\/\/sertv.gob.pa\/nacionalfm\/wp-content\/uploads\/sites\/6\/2024\/02\/AVESTRUZ-HUEVO-2-600x425.jpg 600w, https:\/\/sertv.gob.pa\/nacionalfm\/wp-content\/uploads\/sites\/6\/2024\/02\/AVESTRUZ-HUEVO-2.jpg 612w\" sizes=\"(min-width: 2200px) 100vw, (min-width: 784px) 363px, (min-width: 712px) 545px, (min-width: 640px) 712px, \" \/><\/a><\/div><\/div><div style=\"padding:5px;\" class=\"fusion-grid-column fusion-gallery-column fusion-gallery-column-3 hover-type-none\"><div class=\"fusion-gallery-image\"><a href=\"https:\/\/sertv.gob.pa\/nacionalfm\/wp-content\/uploads\/sites\/6\/2024\/02\/AVESTRUZ-HUEVO-3.jpg\" rel=\"noreferrer\" data-rel=\"iLightbox[gallery_image_1]\" class=\"fusion-lightbox\" target=\"_self\"><img decoding=\"async\" src=\"https:\/\/sertv.gob.pa\/nacionalfm\/wp-content\/uploads\/sites\/6\/2024\/02\/AVESTRUZ-HUEVO-3.jpg\" width=\"600\" height=\"450\" alt=\"\" title=\"AVESTRUZ HUEVO 3\" aria-label=\"AVESTRUZ HUEVO 3\" class=\"img-responsive wp-image-93841\" srcset=\"https:\/\/sertv.gob.pa\/nacionalfm\/wp-content\/uploads\/sites\/6\/2024\/02\/AVESTRUZ-HUEVO-3-200x150.jpg 200w, https:\/\/sertv.gob.pa\/nacionalfm\/wp-content\/uploads\/sites\/6\/2024\/02\/AVESTRUZ-HUEVO-3-400x300.jpg 400w, https:\/\/sertv.gob.pa\/nacionalfm\/wp-content\/uploads\/sites\/6\/2024\/02\/AVESTRUZ-HUEVO-3.jpg 600w\" sizes=\"(min-width: 2200px) 100vw, (min-width: 784px) 363px, (min-width: 712px) 545px, (min-width: 640px) 712px, \" \/><\/a><\/div><\/div><\/div><\/div><\/div><\/div><\/div><\/div>\n","protected":false},"excerpt":{"rendered":"","protected":false},"author":9,"featured_media":93839,"comment_status":"closed","ping_status":"closed","sticky":false,"template":"","format":"standard","meta":{"footnotes":""},"categories":[3],"tags":[],"class_list":["post-93838","post","type-post","status-publish","format-standard","has-post-thumbnail","hentry","category-internacionales"],"_links":{"self":[{"href":"https:\/\/sertv.gob.pa\/nacionalfm\/wp-json\/wp\/v2\/posts\/93838","targetHints":{"allow":["GET"]}}],"collection":[{"href":"https:\/\/sertv.gob.pa\/nacionalfm\/wp-json\/wp\/v2\/posts"}],"about":[{"href":"https:\/\/sertv.gob.pa\/nacionalfm\/wp-json\/wp\/v2\/types\/post"}],"author":[{"embeddable":true,"href":"https:\/\/sertv.gob.pa\/nacionalfm\/wp-json\/wp\/v2\/users\/9"}],"replies":[{"embeddable":true,"href":"https:\/\/sertv.gob.pa\/nacionalfm\/wp-json\/wp\/v2\/comments?post=93838"}],"version-history":[{"count":1,"href":"https:\/\/sertv.gob.pa\/nacionalfm\/wp-json\/wp\/v2\/posts\/93838\/revisions"}],"predecessor-version":[{"id":93842,"href":"https:\/\/sertv.gob.pa\/nacionalfm\/wp-json\/wp\/v2\/posts\/93838\/revisions\/93842"}],"wp:featuredmedia":[{"embeddable":true,"href":"https:\/\/sertv.gob.pa\/nacionalfm\/wp-json\/wp\/v2\/media\/93839"}],"wp:attachment":[{"href":"https:\/\/sertv.gob.pa\/nacionalfm\/wp-json\/wp\/v2\/media?parent=93838"}],"wp:term":[{"taxonomy":"category","embeddable":true,"href":"https:\/\/sertv.gob.pa\/nacionalfm\/wp-json\/wp\/v2\/categories?post=93838"},{"taxonomy":"post_tag","embeddable":true,"href":"https:\/\/sertv.gob.pa\/nacionalfm\/wp-json\/wp\/v2\/tags?post=93838"}],"curies":[{"name":"wp","href":"https:\/\/api.w.org\/{rel}","templated":true}]}}