{"id":9385,"date":"2015-12-15T18:38:42","date_gmt":"2015-12-15T18:38:42","guid":{"rendered":""},"modified":"2015-12-15T18:38:42","modified_gmt":"2015-12-15T18:38:42","slug":"antidepresivos-durante-embarazo-pueden-aumentar-riesgo-de-autismo","status":"publish","type":"post","link":"https:\/\/sertv.gob.pa\/nacionalfm\/antidepresivos-durante-embarazo-pueden-aumentar-riesgo-de-autismo\/","title":{"rendered":"Antidepresivos durante embarazo pueden aumentar riesgo de autismo"},"content":{"rendered":"<p>\nLas mujeres que toman antidepresivos durante el  embarazo \u00a0podr\u00edan presentar un mayor peligro de tener hijos con   autismo ,  se se\u00f1al\u00f3 en un estudio publicado por la revista estadounidense  JAMA Pediatrics . <\/p>\n<p>\u00abLas diversas causas del autismo siguen siendo poco claras, pero estudios han demostrado que tanto la gen\u00e9tica como el medio ambiente desempe\u00f1an un papel\u00bb en la presencia de la enfermedad, expres\u00f3 la profesora Anick Berard de la Universidad de Montreal, quien encabez\u00f3 el estudio canadiense de alrededor de 150\u00a0mil\u00a0embarazos. <\/p>\n<p>De acuerdo con Berard, tomar antidepresivos durante el segundo o tercer trimestres del embarazo aumenta casi al doble el riesgo de que un ni\u00f1o reciba el diagn\u00f3stico de autismo para los siete a\u00f1os de edad, sobre todo si la madre toma inhibidores selectivos de la recaptaci\u00f3n de ser\u00f3tino o SSRI, por sus siglas en ingl\u00e9s. <\/p>\n<p>Berard y sus colegas utilizaron los datos de todos los embarazos y los ni\u00f1os de Quebec, la mayor provincia de Canad\u00e1, entre enero de 1998 y diciembre de 2009. De los 145.456 hijos \u00fanicos nacidos vivos y llegados a t\u00e9rmino, mil\u00a054 fueron diagnosticados con autismo en promedio a los cuatro a\u00f1os y medio de edad. <\/p>\n<p>Los ni\u00f1os fueron seguidos durante un promedio de 6.2 a\u00f1os. Los investigadores identificaron a 4 mil 724 infantes expuestos a antidepresivos en el \u00fatero. Un total de 2 mil 200 ni\u00f1os fueron expuestos durante el primer trimestre y 2 mil 532 fueron expuestos durante el segundo y tercer trimestres, un periodo cr\u00edtico para el desarrollo cerebral del feto. <\/p>\n<p>Un total de 32 ni\u00f1os expuestos a antidepresivos durante el segundo y tercer trimestres fueron diagnosticados con autismo, al igual que 40 ni\u00f1os expuestos durante el primer trimestre, se se\u00f1al\u00f3 en los resultados. <\/p>\n<p>Luego de efectuar ajustes por posibles elementos como la gen\u00e9tica y la edad de la madre, el uso de antidepresivos durante el segundo o tercer trimestres se asoci\u00f3 con un aumento de 87% en el autismo. <\/p>\n<p>\u00a0 <\/p>\n","protected":false},"excerpt":{"rendered":"<p>Las mujeres que toman antidepresivos durante el embarazo \u00a0podr\u00edan presentar <a href=\"https:\/\/sertv.gob.pa\/nacionalfm\/antidepresivos-durante-embarazo-pueden-aumentar-riesgo-de-autismo\/\"> [&#8230;]<\/a><\/p>\n","protected":false},"author":1,"featured_media":9386,"comment_status":"closed","ping_status":"closed","sticky":false,"template":"","format":"standard","meta":{"footnotes":""},"categories":[5],"tags":[],"class_list":["post-9385","post","type-post","status-publish","format-standard","has-post-thumbnail","hentry","category-salud"],"_links":{"self":[{"href":"https:\/\/sertv.gob.pa\/nacionalfm\/wp-json\/wp\/v2\/posts\/9385","targetHints":{"allow":["GET"]}}],"collection":[{"href":"https:\/\/sertv.gob.pa\/nacionalfm\/wp-json\/wp\/v2\/posts"}],"about":[{"href":"https:\/\/sertv.gob.pa\/nacionalfm\/wp-json\/wp\/v2\/types\/post"}],"author":[{"embeddable":true,"href":"https:\/\/sertv.gob.pa\/nacionalfm\/wp-json\/wp\/v2\/users\/1"}],"replies":[{"embeddable":true,"href":"https:\/\/sertv.gob.pa\/nacionalfm\/wp-json\/wp\/v2\/comments?post=9385"}],"version-history":[{"count":0,"href":"https:\/\/sertv.gob.pa\/nacionalfm\/wp-json\/wp\/v2\/posts\/9385\/revisions"}],"wp:featuredmedia":[{"embeddable":true,"href":"https:\/\/sertv.gob.pa\/nacionalfm\/wp-json\/wp\/v2\/media\/9386"}],"wp:attachment":[{"href":"https:\/\/sertv.gob.pa\/nacionalfm\/wp-json\/wp\/v2\/media?parent=9385"}],"wp:term":[{"taxonomy":"category","embeddable":true,"href":"https:\/\/sertv.gob.pa\/nacionalfm\/wp-json\/wp\/v2\/categories?post=9385"},{"taxonomy":"post_tag","embeddable":true,"href":"https:\/\/sertv.gob.pa\/nacionalfm\/wp-json\/wp\/v2\/tags?post=9385"}],"curies":[{"name":"wp","href":"https:\/\/api.w.org\/{rel}","templated":true}]}}