{"id":93860,"date":"2024-02-20T11:43:13","date_gmt":"2024-02-20T16:43:13","guid":{"rendered":"https:\/\/sertv.gob.pa\/nacionalfm\/?p=93860"},"modified":"2024-02-20T11:43:13","modified_gmt":"2024-02-20T16:43:13","slug":"israel-mata-a-decenas-de-supuestos-milicianos-en-gaza-donde-siguen-muriendo-civiles","status":"publish","type":"post","link":"https:\/\/sertv.gob.pa\/nacionalfm\/israel-mata-a-decenas-de-supuestos-milicianos-en-gaza-donde-siguen-muriendo-civiles\/","title":{"rendered":"Israel mata a \u201cdecenas\u201d de supuestos milicianos en Gaza, donde siguen muriendo civiles"},"content":{"rendered":"<p><strong><em>Jerusal\u00e9n (EFE).- <\/em><\/strong><em>El Ej\u00e9rcito de Israel mat\u00f3 en las \u00faltimas horas a \u201cdecenas\u201d de supuestos milicianos en Jan Yunis, en el sur de la Franja de Gaza, mientras numerosos civiles siguen perdiendo la vida en los ataques por aire, tierra y mar que realizan las fuerzas israel\u00edes en todo el enclave.<\/em><\/p>\n<p><em>\u201cLas tropas de las Fuerzas de Defensa de Israel contin\u00faan operaciones intensivas en el oeste de Jan Yunis y mataron a decenas de terroristas durante el \u00faltimo d\u00eda\u201d, inform\u00f3 un portavoz del Ej\u00e9rcito, al explicar que muchos de esos hombres murieron en bombardeos y otros por fuego de tanques y francotiradores.\u00a0<\/em><\/p>\n<p><em>Mientras, el Ej\u00e9rcito no ha cesado su ofensiva en el centro y norte de la devastada Franja, donde largas extensiones de territorio han quedado totalmente arrasadas.<\/em><\/p>\n<p><em>Este mismo martes, Israel orden\u00f3 la evacuaci\u00f3n \u201curgente\u201d de los barrios de Olive y Turkmenist\u00e1n de la ciudad de Gaza, y llam\u00f3 a los civiles a trasladarse Al Mawasi, en el centro del enclave.<\/em><\/p>\n<p><em>\u201cDurante las \u00faltimas 24 horas, la ocupaci\u00f3n israel\u00ed cometi\u00f3 nueve masacres contra familias en la Franja de Gaza, con103 muertos y 142 heridos\u201d, inform\u00f3 el ministerio de Sanidad de Gaza, controlado por el ala pol\u00edtica del grupo islamista Ham\u00e1s.<\/em><\/p>\n<p><strong><em>Situaci\u00f3n \u201ccatastr\u00f3fica\u201d en los hospitales<\/em><\/strong><\/p>\n<p><em>Por otro lado, la situaci\u00f3n en el interior del hospital Naser, ubicado en Jan Yunis y el m\u00e1s importante del sur de la Franja, \u201cha superado la cat\u00e1strofe y constituye una amenaza directa a la vida del personal y de los pacientes\u201d despu\u00e9s de que el Ej\u00e9rcito convirtiera el centro m\u00e9dico en \u201ccuartel militar\u201d, seg\u00fan Sanidad.<\/em><\/p>\n<p><em>La Organizaci\u00f3n Mundial de la Salud, que el domingo y lunes pudo acceder al hospital, ha evacuado a 32 pacientes -incluidos dos ni\u00f1os- a otros centros m\u00e9dicos de la Franja, y asegur\u00f3 este martes que la situaci\u00f3n en Naser es \u201cindescriptible\u201d.<\/p>\n<p>Las fuerzas israel\u00edes tambi\u00e9n bombardearon las inmediaciones del hospital Al Amal en Jan Yunis , causando da\u00f1os materiales y un estado de terror entre los civiles\u201d, inform\u00f3 por su parte la agencia Wafa.<\/em><\/p>\n<p><em>\u00a0<\/em><\/p>\n<p><em>\u00a0<\/em><\/p>\n<p><em>\u00a0<\/em><\/p>\n<p><strong><em>\u00a0<\/em><\/strong><\/p>\n","protected":false},"excerpt":{"rendered":"<p>Jerusal\u00e9n (EFE).- El Ej\u00e9rcito de Israel mat\u00f3 en las \u00faltimas <a href=\"https:\/\/sertv.gob.pa\/nacionalfm\/israel-mata-a-decenas-de-supuestos-milicianos-en-gaza-donde-siguen-muriendo-civiles\/\"> [&#8230;]<\/a><\/p>\n","protected":false},"author":9,"featured_media":93861,"comment_status":"closed","ping_status":"closed","sticky":false,"template":"","format":"standard","meta":{"footnotes":""},"categories":[3],"tags":[],"class_list":["post-93860","post","type-post","status-publish","format-standard","has-post-thumbnail","hentry","category-internacionales"],"_links":{"self":[{"href":"https:\/\/sertv.gob.pa\/nacionalfm\/wp-json\/wp\/v2\/posts\/93860","targetHints":{"allow":["GET"]}}],"collection":[{"href":"https:\/\/sertv.gob.pa\/nacionalfm\/wp-json\/wp\/v2\/posts"}],"about":[{"href":"https:\/\/sertv.gob.pa\/nacionalfm\/wp-json\/wp\/v2\/types\/post"}],"author":[{"embeddable":true,"href":"https:\/\/sertv.gob.pa\/nacionalfm\/wp-json\/wp\/v2\/users\/9"}],"replies":[{"embeddable":true,"href":"https:\/\/sertv.gob.pa\/nacionalfm\/wp-json\/wp\/v2\/comments?post=93860"}],"version-history":[{"count":1,"href":"https:\/\/sertv.gob.pa\/nacionalfm\/wp-json\/wp\/v2\/posts\/93860\/revisions"}],"predecessor-version":[{"id":93862,"href":"https:\/\/sertv.gob.pa\/nacionalfm\/wp-json\/wp\/v2\/posts\/93860\/revisions\/93862"}],"wp:featuredmedia":[{"embeddable":true,"href":"https:\/\/sertv.gob.pa\/nacionalfm\/wp-json\/wp\/v2\/media\/93861"}],"wp:attachment":[{"href":"https:\/\/sertv.gob.pa\/nacionalfm\/wp-json\/wp\/v2\/media?parent=93860"}],"wp:term":[{"taxonomy":"category","embeddable":true,"href":"https:\/\/sertv.gob.pa\/nacionalfm\/wp-json\/wp\/v2\/categories?post=93860"},{"taxonomy":"post_tag","embeddable":true,"href":"https:\/\/sertv.gob.pa\/nacionalfm\/wp-json\/wp\/v2\/tags?post=93860"}],"curies":[{"name":"wp","href":"https:\/\/api.w.org\/{rel}","templated":true}]}}