{"id":93863,"date":"2024-02-20T13:00:13","date_gmt":"2024-02-20T18:00:13","guid":{"rendered":"https:\/\/sertv.gob.pa\/nacionalfm\/?p=93863"},"modified":"2024-02-20T13:00:13","modified_gmt":"2024-02-20T18:00:13","slug":"madrid-21-f-la-fecha-clave-del-calendario-de-las-tractoradas-del-mes-de-febrero","status":"publish","type":"post","link":"https:\/\/sertv.gob.pa\/nacionalfm\/madrid-21-f-la-fecha-clave-del-calendario-de-las-tractoradas-del-mes-de-febrero\/","title":{"rendered":"Madrid, 21-F: la fecha clave del calendario de las tractoradas del mes de febrero"},"content":{"rendered":"<p><strong><em>Madrid (EFE).-<\/em><\/strong><em> El plato fuerte de las tractoradas y de las protestas que el sector agrario ha planificado para febrero ser\u00e1 este mi\u00e9rcoles 21 en Madrid, cuando decenas de tractores entren en sus calles con la intenci\u00f3n de colapsar el centro y los accesos.<\/em><\/p>\n<p><em>Cinco columnas de veh\u00edculos agr\u00edcolas cercar\u00e1n la ciudad, unos 500 tractores m\u00e1s o menos, y aunque no se mover\u00e1n todos ellos por la zona urbana, s\u00ed tienen previsto alcanzar las inmediaciones del Ministerio de Agricultura, cerca de la plaza de Atocha, uno de los centros neur\u00e1lgicos del tr\u00e1fico madrile\u00f1o.<\/em><\/p>\n<p><em>El Ayuntamiento, por ello, ha aconsejado a la ciudadan\u00eda que se desplace en transporte p\u00fablico.<\/em><\/p>\n<p><em>La Delegaci\u00f3n del Gobierno, por su parte, ha movilizado un operativo destinado a evitar en la medida de lo posible la saturaci\u00f3n de la circulaci\u00f3n y problemas de seguridad vial.<\/em><\/p>\n<p><strong><em>El convocante<\/em><\/strong><\/p>\n<p><em>Uni\u00f3n de Uniones es la organizaci\u00f3n que convoca el acto, al que se ha adherido la plataforma 6F, de reciente creaci\u00f3n. Las tres principales entidades de profesionales agrarios, Asaja, COAG y UPA, se han desmarcado.<\/em><\/p>\n<p><em>Uni\u00f3n de Uniones concentrar\u00e1 a sus agricultores ma\u00f1ana bajo el lema #NosSobranLosMotivos para reclamar una cadena alimentaria que garantice precios justos a las producciones, una Pol\u00edtica Agr\u00edcola Com\u00fan (PAC) que ayude a ser competitivos \u201cen lugar de poner trabas\u201d, la protecci\u00f3n del sector frente a la competencia desleal de pa\u00edses terceros y \u201cdemocracia para el campo\u201d.<\/em><\/p>\n<p>&nbsp;<\/p>\n","protected":false},"excerpt":{"rendered":"<p>Madrid (EFE).- El plato fuerte de las tractoradas y de <a href=\"https:\/\/sertv.gob.pa\/nacionalfm\/madrid-21-f-la-fecha-clave-del-calendario-de-las-tractoradas-del-mes-de-febrero\/\"> [&#8230;]<\/a><\/p>\n","protected":false},"author":9,"featured_media":93864,"comment_status":"closed","ping_status":"closed","sticky":false,"template":"","format":"standard","meta":{"footnotes":""},"categories":[3],"tags":[],"class_list":["post-93863","post","type-post","status-publish","format-standard","has-post-thumbnail","hentry","category-internacionales"],"_links":{"self":[{"href":"https:\/\/sertv.gob.pa\/nacionalfm\/wp-json\/wp\/v2\/posts\/93863","targetHints":{"allow":["GET"]}}],"collection":[{"href":"https:\/\/sertv.gob.pa\/nacionalfm\/wp-json\/wp\/v2\/posts"}],"about":[{"href":"https:\/\/sertv.gob.pa\/nacionalfm\/wp-json\/wp\/v2\/types\/post"}],"author":[{"embeddable":true,"href":"https:\/\/sertv.gob.pa\/nacionalfm\/wp-json\/wp\/v2\/users\/9"}],"replies":[{"embeddable":true,"href":"https:\/\/sertv.gob.pa\/nacionalfm\/wp-json\/wp\/v2\/comments?post=93863"}],"version-history":[{"count":1,"href":"https:\/\/sertv.gob.pa\/nacionalfm\/wp-json\/wp\/v2\/posts\/93863\/revisions"}],"predecessor-version":[{"id":93865,"href":"https:\/\/sertv.gob.pa\/nacionalfm\/wp-json\/wp\/v2\/posts\/93863\/revisions\/93865"}],"wp:featuredmedia":[{"embeddable":true,"href":"https:\/\/sertv.gob.pa\/nacionalfm\/wp-json\/wp\/v2\/media\/93864"}],"wp:attachment":[{"href":"https:\/\/sertv.gob.pa\/nacionalfm\/wp-json\/wp\/v2\/media?parent=93863"}],"wp:term":[{"taxonomy":"category","embeddable":true,"href":"https:\/\/sertv.gob.pa\/nacionalfm\/wp-json\/wp\/v2\/categories?post=93863"},{"taxonomy":"post_tag","embeddable":true,"href":"https:\/\/sertv.gob.pa\/nacionalfm\/wp-json\/wp\/v2\/tags?post=93863"}],"curies":[{"name":"wp","href":"https:\/\/api.w.org\/{rel}","templated":true}]}}