{"id":93887,"date":"2024-02-21T13:22:49","date_gmt":"2024-02-21T18:22:49","guid":{"rendered":"https:\/\/sertv.gob.pa\/nacionalfm\/?p=93887"},"modified":"2024-02-21T13:22:49","modified_gmt":"2024-02-21T18:22:49","slug":"los-convocantes-ponen-fin-a-la-protesta-en-madrid-tras-congregar-a-miles-de-agricultores","status":"publish","type":"post","link":"https:\/\/sertv.gob.pa\/nacionalfm\/los-convocantes-ponen-fin-a-la-protesta-en-madrid-tras-congregar-a-miles-de-agricultores\/","title":{"rendered":"Los convocantes ponen fin a la protesta en Madrid tras congregar a miles de agricultores"},"content":{"rendered":"<p><strong><em>Madrid (EFE).- <\/em><\/strong><em>La Uni\u00f3n de Uniones de Agricultores y Ganaderos ha dado por finalizada la protesta convocada este mi\u00e9rcoles frente al Ministerio de Agricultura, Pesca y Alimentaci\u00f3n (MAPA) en Madrid tras congregar a miles de manifestantes procedentes de distintas partes de Espa\u00f1a.<\/p>\n<p>Hasta 13.000 personas han participado en la manifestaci\u00f3n, seg\u00fan la organizaci\u00f3n agraria, si bien la Delegaci\u00f3n del Gobierno ha reducido el n\u00famero de manifestantes a un m\u00e1ximo de 4.000.<\/p>\n<p>Seg\u00fan Uni\u00f3n de Uniones, de los 1.500 tractores que se han movilizado solo han podido acceder a la capital 500 y apenas 70 han llegado a las puertas del ministerio.<\/em><\/p>\n<p><em>La Delegaci\u00f3n del Gobierno ha se\u00f1alado que la protesta agraria se ha desarrollado por el momento por los itinerarios y las condiciones recogidas en su resoluci\u00f3n anunciada el pasado lunes, recurrida por los organizadores y confirmada por el Tribunal Superior de Justicia de Madrid.<\/em><\/p>\n<p><strong>Los tractores emprenden el camino de vuelta<\/strong><\/p>\n<p><em>Los tractores concentrados frente al ministerio han comenzado a emprender el camino de vuelta sobre las 17 horas, acompa\u00f1ados de pitos y aplausos.<\/p>\n<p>Con m\u00fasica de fondo de \u201cLa guerra de las Galaxias\u201d y el himno de Espa\u00f1a, parte de los manifestantes tambi\u00e9n se ha ido marchando de la concentraci\u00f3n a pie.<\/p>\n<p>El coordinador estatal de la organizaci\u00f3n agraria, Luis Cort\u00e9s, ha calificado de \u201c\u00e9xito\u201d la tractorada y ha dicho que se quedar\u00e1 frente al MAPA hasta que se marche el \u00faltimo de los manifestantes.<\/p>\n<p>Ha denunciado que a los agricultores \u201cles est\u00e1n arruinando\u201d y ha invitado al ministro de Agricultura, Pesca y Alimentaci\u00f3n, Luis Planas, a \u201cdarse un ba\u00f1o de realidad\u201d.<\/p>\n<p>\u201cSomos agricultores y no jardineros\u201d, ha afirmado Cort\u00e9s, tras los llamamientos a convocar ya elecciones de representatividad agraria y las cr\u00edticas a la ministra de Transici\u00f3n Ecol\u00f3gica y Reto Demogr\u00e1fico, Teresa Ribera, por sus pol\u00edticas ambientales en el campo.<\/em><\/p>\n","protected":false},"excerpt":{"rendered":"<p>Madrid (EFE).- La Uni\u00f3n de Uniones de Agricultores y Ganaderos <a href=\"https:\/\/sertv.gob.pa\/nacionalfm\/los-convocantes-ponen-fin-a-la-protesta-en-madrid-tras-congregar-a-miles-de-agricultores\/\"> [&#8230;]<\/a><\/p>\n","protected":false},"author":9,"featured_media":93888,"comment_status":"closed","ping_status":"closed","sticky":false,"template":"","format":"standard","meta":{"footnotes":""},"categories":[3],"tags":[],"class_list":["post-93887","post","type-post","status-publish","format-standard","has-post-thumbnail","hentry","category-internacionales"],"_links":{"self":[{"href":"https:\/\/sertv.gob.pa\/nacionalfm\/wp-json\/wp\/v2\/posts\/93887","targetHints":{"allow":["GET"]}}],"collection":[{"href":"https:\/\/sertv.gob.pa\/nacionalfm\/wp-json\/wp\/v2\/posts"}],"about":[{"href":"https:\/\/sertv.gob.pa\/nacionalfm\/wp-json\/wp\/v2\/types\/post"}],"author":[{"embeddable":true,"href":"https:\/\/sertv.gob.pa\/nacionalfm\/wp-json\/wp\/v2\/users\/9"}],"replies":[{"embeddable":true,"href":"https:\/\/sertv.gob.pa\/nacionalfm\/wp-json\/wp\/v2\/comments?post=93887"}],"version-history":[{"count":1,"href":"https:\/\/sertv.gob.pa\/nacionalfm\/wp-json\/wp\/v2\/posts\/93887\/revisions"}],"predecessor-version":[{"id":93889,"href":"https:\/\/sertv.gob.pa\/nacionalfm\/wp-json\/wp\/v2\/posts\/93887\/revisions\/93889"}],"wp:featuredmedia":[{"embeddable":true,"href":"https:\/\/sertv.gob.pa\/nacionalfm\/wp-json\/wp\/v2\/media\/93888"}],"wp:attachment":[{"href":"https:\/\/sertv.gob.pa\/nacionalfm\/wp-json\/wp\/v2\/media?parent=93887"}],"wp:term":[{"taxonomy":"category","embeddable":true,"href":"https:\/\/sertv.gob.pa\/nacionalfm\/wp-json\/wp\/v2\/categories?post=93887"},{"taxonomy":"post_tag","embeddable":true,"href":"https:\/\/sertv.gob.pa\/nacionalfm\/wp-json\/wp\/v2\/tags?post=93887"}],"curies":[{"name":"wp","href":"https:\/\/api.w.org\/{rel}","templated":true}]}}