{"id":93924,"date":"2024-02-22T13:31:44","date_gmt":"2024-02-22T18:31:44","guid":{"rendered":"https:\/\/sertv.gob.pa\/nacionalfm\/?p=93924"},"modified":"2024-02-22T13:31:44","modified_gmt":"2024-02-22T18:31:44","slug":"un-incendio-afecta-a-un-edificio-de-catorces-plantas-en-valencia","status":"publish","type":"post","link":"https:\/\/sertv.gob.pa\/nacionalfm\/un-incendio-afecta-a-un-edificio-de-catorces-plantas-en-valencia\/","title":{"rendered":"Un incendio afecta a un edificio de catorces plantas en Valencia"},"content":{"rendered":"<p><strong><em>Val\u00e8ncia (EFE).- <\/em><\/strong><em>Un incendio, que se desat\u00f3 en un quinto piso, afecta a un edificio de catorce plantas en Valencia, situado en el barrio de Campanar, y seg\u00fan han informado los bomberos el fuego se est\u00e1 propagando a las plantas superiores con llamas visibles desde la v\u00eda p\u00fablica y una enorme humareda.<\/em><\/p>\n<p><em>El edificio de viviendas est\u00e1 situado en el cruce de las calles General Avil\u00e9s con Maestro Rodrigo.<\/em><\/p>\n<p><em>Al lugar se han desplazado unidades de Bomberos de Val\u00e8ncia y seg\u00fan puede verse en las im\u00e1genes de redes sociales, las llamas han llegado incluso a la \u00faltima planta, sin que por el momento haya constancia de da\u00f1os personales.<\/em><\/p>\n<p><em>El incendio declarado sobre las cinco y media de esta tarde en un quinto piso de un edificio de viviendas ha afectado totalmente al inmueble y se ha propagado a otro edificio que est\u00e1 pegado a \u00e9l, ambos de nueva construcci\u00f3n, por lo que los bomberos intentan a\u00fan rescatar a vecinos desde los balcones.<\/em><\/p>\n","protected":false},"excerpt":{"rendered":"<p>Val\u00e8ncia (EFE).- Un incendio, que se desat\u00f3 en un quinto <a href=\"https:\/\/sertv.gob.pa\/nacionalfm\/un-incendio-afecta-a-un-edificio-de-catorces-plantas-en-valencia\/\"> [&#8230;]<\/a><\/p>\n","protected":false},"author":9,"featured_media":93925,"comment_status":"closed","ping_status":"closed","sticky":false,"template":"","format":"standard","meta":{"footnotes":""},"categories":[3],"tags":[],"class_list":["post-93924","post","type-post","status-publish","format-standard","has-post-thumbnail","hentry","category-internacionales"],"_links":{"self":[{"href":"https:\/\/sertv.gob.pa\/nacionalfm\/wp-json\/wp\/v2\/posts\/93924","targetHints":{"allow":["GET"]}}],"collection":[{"href":"https:\/\/sertv.gob.pa\/nacionalfm\/wp-json\/wp\/v2\/posts"}],"about":[{"href":"https:\/\/sertv.gob.pa\/nacionalfm\/wp-json\/wp\/v2\/types\/post"}],"author":[{"embeddable":true,"href":"https:\/\/sertv.gob.pa\/nacionalfm\/wp-json\/wp\/v2\/users\/9"}],"replies":[{"embeddable":true,"href":"https:\/\/sertv.gob.pa\/nacionalfm\/wp-json\/wp\/v2\/comments?post=93924"}],"version-history":[{"count":1,"href":"https:\/\/sertv.gob.pa\/nacionalfm\/wp-json\/wp\/v2\/posts\/93924\/revisions"}],"predecessor-version":[{"id":93926,"href":"https:\/\/sertv.gob.pa\/nacionalfm\/wp-json\/wp\/v2\/posts\/93924\/revisions\/93926"}],"wp:featuredmedia":[{"embeddable":true,"href":"https:\/\/sertv.gob.pa\/nacionalfm\/wp-json\/wp\/v2\/media\/93925"}],"wp:attachment":[{"href":"https:\/\/sertv.gob.pa\/nacionalfm\/wp-json\/wp\/v2\/media?parent=93924"}],"wp:term":[{"taxonomy":"category","embeddable":true,"href":"https:\/\/sertv.gob.pa\/nacionalfm\/wp-json\/wp\/v2\/categories?post=93924"},{"taxonomy":"post_tag","embeddable":true,"href":"https:\/\/sertv.gob.pa\/nacionalfm\/wp-json\/wp\/v2\/tags?post=93924"}],"curies":[{"name":"wp","href":"https:\/\/api.w.org\/{rel}","templated":true}]}}