{"id":93952,"date":"2024-02-23T12:55:49","date_gmt":"2024-02-23T17:55:49","guid":{"rendered":"https:\/\/sertv.gob.pa\/nacionalfm\/?p=93952"},"modified":"2024-02-23T12:55:49","modified_gmt":"2024-02-23T17:55:49","slug":"elevan-a-diez-el-numero-de-fallecidos-en-el-incendio-de-valencia","status":"publish","type":"post","link":"https:\/\/sertv.gob.pa\/nacionalfm\/elevan-a-diez-el-numero-de-fallecidos-en-el-incendio-de-valencia\/","title":{"rendered":"Elevan a diez el n\u00famero de fallecidos en el incendio de Val\u00e8ncia"},"content":{"rendered":"<p><strong><em>Val\u00e8ncia (EFE).- <\/em><\/strong><em>La cifra de v\u00edctimas mortales en el incendio de un edificio de Val\u00e8ncia se eleva a 10 tras la primera inspecci\u00f3n ocular que han hecho en el interior de las instalaciones los bomberos y la Polic\u00eda Cient\u00edfica, seg\u00fan ha avanzado la delegada del Gobierno en la Comunitat Valenciana, Pilar Bernab\u00e9.<\/p>\n<p>Bernab\u00e9 ha indicado este viernes en el Puesto de Mando Avanzado que el n\u00famero de cad\u00e1veres encontrados coincide con la cifra de personas que finalmente no estaban localizadas, ya que durante este viernes por la ma\u00f1ana han encontrado a 4 de las 14 personas que aparec\u00edan en paradero desconocido.<\/p>\n<p>Preguntada sobre si entre esos cuerpos est\u00e1 una familia formada por un matrimonio y sus tres hijos, la delegada ha recordado que un juzgado de Val\u00e8ncia ha decretado el secreto de sumario de esta causa, por lo que ha pedido dejar que la investigaci\u00f3n siga su curso, y ha indicado que todav\u00eda no hay una hip\u00f3tesis clara sobre el origen del incendio.<\/em><\/p>\n<p><strong><em>\u201cHumanidad, solidaridad y dedicaci\u00f3n\u201d<\/em><\/strong><\/p>\n<p><em>Ha se\u00f1alado que se van a hacer m\u00e1s inspecciones oculares en el interior del edificio, y ha agradecido \u201cla humanidad, solidaridad y dedicaci\u00f3n\u201d de los profesionales de emergencias y de personas an\u00f3nimas y de los vecinos del barrio de Campanar, que se han volcado en ayudar y que en la tarde de ayer tambi\u00e9n salvaron vidas.<\/p>\n<p>La alcaldesa de Val\u00e8ncia, Mar\u00eda Jos\u00e9 Catal\u00e1, ha explicado que se ha incrementado el n\u00famero de personas realojadas en hoteles de la ciudad a 105 -frente a las 35 de esta ma\u00f1ana-, despu\u00e9s de que muchos pasaran la noche en casas de amigos o vecinos de la zona.<\/em><\/p>\n<p><em>Catal\u00e1 ha explicado que comienza ya el traslado tanto de los cuerpos como sin vida rescatados como de los familiares para darles la atenci\u00f3n necesaria, y ha calificado de \u201ch\u00e9roe\u201d a Juli\u00e1n, el conserje de uno de los edificios de este complejo residencial que fue \u201cpuerta por puerta\u201d para intentar que todos los vecinos salieran.<\/em><\/p>\n","protected":false},"excerpt":{"rendered":"<p>Val\u00e8ncia (EFE).- La cifra de v\u00edctimas mortales en el incendio <a href=\"https:\/\/sertv.gob.pa\/nacionalfm\/elevan-a-diez-el-numero-de-fallecidos-en-el-incendio-de-valencia\/\"> [&#8230;]<\/a><\/p>\n","protected":false},"author":9,"featured_media":93953,"comment_status":"closed","ping_status":"closed","sticky":false,"template":"","format":"standard","meta":{"footnotes":""},"categories":[3],"tags":[],"class_list":["post-93952","post","type-post","status-publish","format-standard","has-post-thumbnail","hentry","category-internacionales"],"_links":{"self":[{"href":"https:\/\/sertv.gob.pa\/nacionalfm\/wp-json\/wp\/v2\/posts\/93952","targetHints":{"allow":["GET"]}}],"collection":[{"href":"https:\/\/sertv.gob.pa\/nacionalfm\/wp-json\/wp\/v2\/posts"}],"about":[{"href":"https:\/\/sertv.gob.pa\/nacionalfm\/wp-json\/wp\/v2\/types\/post"}],"author":[{"embeddable":true,"href":"https:\/\/sertv.gob.pa\/nacionalfm\/wp-json\/wp\/v2\/users\/9"}],"replies":[{"embeddable":true,"href":"https:\/\/sertv.gob.pa\/nacionalfm\/wp-json\/wp\/v2\/comments?post=93952"}],"version-history":[{"count":1,"href":"https:\/\/sertv.gob.pa\/nacionalfm\/wp-json\/wp\/v2\/posts\/93952\/revisions"}],"predecessor-version":[{"id":93954,"href":"https:\/\/sertv.gob.pa\/nacionalfm\/wp-json\/wp\/v2\/posts\/93952\/revisions\/93954"}],"wp:featuredmedia":[{"embeddable":true,"href":"https:\/\/sertv.gob.pa\/nacionalfm\/wp-json\/wp\/v2\/media\/93953"}],"wp:attachment":[{"href":"https:\/\/sertv.gob.pa\/nacionalfm\/wp-json\/wp\/v2\/media?parent=93952"}],"wp:term":[{"taxonomy":"category","embeddable":true,"href":"https:\/\/sertv.gob.pa\/nacionalfm\/wp-json\/wp\/v2\/categories?post=93952"},{"taxonomy":"post_tag","embeddable":true,"href":"https:\/\/sertv.gob.pa\/nacionalfm\/wp-json\/wp\/v2\/tags?post=93952"}],"curies":[{"name":"wp","href":"https:\/\/api.w.org\/{rel}","templated":true}]}}