{"id":93991,"date":"2024-02-26T13:01:34","date_gmt":"2024-02-26T18:01:34","guid":{"rendered":"https:\/\/sertv.gob.pa\/nacionalfm\/?p=93991"},"modified":"2024-02-26T13:01:34","modified_gmt":"2024-02-26T18:01:34","slug":"el-incendio-de-valencia-se-pudo-originar-por-un-cortocircuito-del-toldo-de-un-apartamento","status":"publish","type":"post","link":"https:\/\/sertv.gob.pa\/nacionalfm\/el-incendio-de-valencia-se-pudo-originar-por-un-cortocircuito-del-toldo-de-un-apartamento\/","title":{"rendered":"El incendio de Val\u00e8ncia se pudo originar por un cortocircuito del toldo de un apartamento"},"content":{"rendered":"<p><strong><em>Madrid\/Val\u00e8ncia (EFE).- <\/em><\/strong><em>El incendio que el pasado jueves calcin\u00f3 un bloque residencial de Val\u00e8ncia y caus\u00f3 diez muertes se pudo haber originado por un cortocircuito en el mecanismo del toldo del apartamento 86, seg\u00fan han avanzado a EFE fuentes pr\u00f3ximas a la investigaci\u00f3n.<\/em><\/p>\n<p><em>Esta es la causa m\u00e1s probable del siniestro que se desprende del informe preliminar tras haber concluido la inspecci\u00f3n de la Polic\u00eda Cient\u00edfica, que ha finalizado ya su trabajo de revisi\u00f3n \u201cpalmo a palmo\u201d del edificio incendiado en el barrio valenciano de Campanar, por lo que ha salido ya del inmueble, mientras que todas las muestras de ADN est\u00e1n en la Comisar\u00eda central para analizarlas.<\/em><\/p>\n<p><em>Este lunes, y sobre las informaciones que ya hablaban de un posible origen el\u00e9ctrico del fuego, la delegada del Gobierno en la Comunitat Valenciana, Pilar Bernab\u00e9, ha reiterado que todas las cuestiones y todas las investigaciones sobre las causas del incendio est\u00e1n bajo secreto de sumario.<\/em><\/p>\n<p><em>\u201cVamos a dejar que la Polic\u00eda Cient\u00edfica haga su trabajo y a trav\u00e9s de los cauces propios de la Polic\u00eda Judicial, en el momento en que se puedan dar esas informaciones se dar\u00e1n\u201d, ha a\u00f1adido.<\/em><\/p>\n<p><em>La Polic\u00eda Cient\u00edfica ya ha salido del edificio situado en la rotonda donde confluyen las avenidas del Maestro Rodrigo y General Avil\u00e9s y ahora se est\u00e1 trabajando en la identificaci\u00f3n de los cuerpos.<\/em><\/p>\n<p><strong><em>Reconocimiento \u201cpalmo a palmo\u201d del edificio tras el incendio<\/em><\/strong><\/p>\n<p><em>Bernab\u00e9 ha precisado que el reconocimiento \u201cpalmo a palmo\u201d del edificio est\u00e1 hecho y ahora ya quedan cuestiones propias de la investigaci\u00f3n.<\/em><\/p>\n<p><em>Sobre el estado del edificio, ha se\u00f1alado que esta cuesti\u00f3n se ir\u00e1 viendo a la largo de la investigaci\u00f3n, a requerimiento de la autoridad judicial para aquellas cosas que necesite.<\/em><\/p>\n<p><strong><em>Recibe el alta el bombero que quedaba ingresado<\/em><\/strong><\/p>\n<p><em>El bombero herido en el incendio que estaba ingresado en el hospital La Fe ha recibido el alta este lunes, han informado a EFE fuentes sanitarias.<\/p>\n<p>Se trataba del \u00fanico herido del devastador incendio del pasado jueves que todav\u00eda segu\u00eda hospitalizado, despu\u00e9s de que este fin de semana se diera de alta al otro bombero que tambi\u00e9n hab\u00eda sido ingresado por las heridas sufridas en las tareas de extinci\u00f3n y rescate.<\/em><\/p>\n","protected":false},"excerpt":{"rendered":"<p>Madrid\/Val\u00e8ncia (EFE).- El incendio que el pasado jueves calcin\u00f3 un <a href=\"https:\/\/sertv.gob.pa\/nacionalfm\/el-incendio-de-valencia-se-pudo-originar-por-un-cortocircuito-del-toldo-de-un-apartamento\/\"> [&#8230;]<\/a><\/p>\n","protected":false},"author":9,"featured_media":93992,"comment_status":"closed","ping_status":"closed","sticky":false,"template":"","format":"standard","meta":{"footnotes":""},"categories":[3],"tags":[],"class_list":["post-93991","post","type-post","status-publish","format-standard","has-post-thumbnail","hentry","category-internacionales"],"_links":{"self":[{"href":"https:\/\/sertv.gob.pa\/nacionalfm\/wp-json\/wp\/v2\/posts\/93991","targetHints":{"allow":["GET"]}}],"collection":[{"href":"https:\/\/sertv.gob.pa\/nacionalfm\/wp-json\/wp\/v2\/posts"}],"about":[{"href":"https:\/\/sertv.gob.pa\/nacionalfm\/wp-json\/wp\/v2\/types\/post"}],"author":[{"embeddable":true,"href":"https:\/\/sertv.gob.pa\/nacionalfm\/wp-json\/wp\/v2\/users\/9"}],"replies":[{"embeddable":true,"href":"https:\/\/sertv.gob.pa\/nacionalfm\/wp-json\/wp\/v2\/comments?post=93991"}],"version-history":[{"count":1,"href":"https:\/\/sertv.gob.pa\/nacionalfm\/wp-json\/wp\/v2\/posts\/93991\/revisions"}],"predecessor-version":[{"id":93993,"href":"https:\/\/sertv.gob.pa\/nacionalfm\/wp-json\/wp\/v2\/posts\/93991\/revisions\/93993"}],"wp:featuredmedia":[{"embeddable":true,"href":"https:\/\/sertv.gob.pa\/nacionalfm\/wp-json\/wp\/v2\/media\/93992"}],"wp:attachment":[{"href":"https:\/\/sertv.gob.pa\/nacionalfm\/wp-json\/wp\/v2\/media?parent=93991"}],"wp:term":[{"taxonomy":"category","embeddable":true,"href":"https:\/\/sertv.gob.pa\/nacionalfm\/wp-json\/wp\/v2\/categories?post=93991"},{"taxonomy":"post_tag","embeddable":true,"href":"https:\/\/sertv.gob.pa\/nacionalfm\/wp-json\/wp\/v2\/tags?post=93991"}],"curies":[{"name":"wp","href":"https:\/\/api.w.org\/{rel}","templated":true}]}}