{"id":94014,"date":"2024-02-27T12:38:31","date_gmt":"2024-02-27T17:38:31","guid":{"rendered":"https:\/\/sertv.gob.pa\/nacionalfm\/?p=94014"},"modified":"2024-02-27T12:38:31","modified_gmt":"2024-02-27T17:38:31","slug":"hamas-recibe-la-propuesta-para-una-tregua-de-40-dias","status":"publish","type":"post","link":"https:\/\/sertv.gob.pa\/nacionalfm\/hamas-recibe-la-propuesta-para-una-tregua-de-40-dias\/","title":{"rendered":"Ham\u00e1s recibe la propuesta para una tregua de 40 d\u00edas"},"content":{"rendered":"<p><strong><em>Jerusal\u00e9n\/El Cairo (EFE).- <\/em><\/strong><em>El grupo islamista palestino Ham\u00e1s estudia una propuesta para una tregua en la Franja de Gaza, en la que habr\u00eda un alto el fuego de 40 d\u00edas, as\u00ed como el intercambio de un reh\u00e9n israel\u00ed por diez prisioneros palestinos.<\/em><\/p>\n<p><em>As\u00ed lo han informado este martes a EFE fuentes pr\u00f3ximas a las negociaciones en Egipto.<\/em><\/p>\n<p><em>De acuerdo con estas fuentes, la propuesta incluye la liberaci\u00f3n de todas las mujeres, hombres mayores de 50 a\u00f1os y ni\u00f1os israel\u00edes menores de 19 a\u00f1os en manos de Ham\u00e1s, as\u00ed como enfermos, lo que en total ser\u00edan 40 rehenes.<\/p>\n<p>Por la parte israel\u00ed, se excarcelar\u00e1 a 400 presos palestinos y no volver\u00e1 a arrestarlos.<\/em><\/p>\n<p><em>Adem\u00e1s durante este alto el fuego se permitir\u00e1 \u201cla vuelta gradual de los civiles desplazados al norte de Gaza con excepci\u00f3n de los hombres en edad de servicio militar\u201d.<\/p>\n<p><\/em><\/p>\n<p><em>Siempre<\/em><\/p>\n<p><em>El presidente de Estados Unidos, Joe Biden, ya anunci\u00f3 ayer que \u201ctiene esperanzas\u201d de que Israel y el movimiento Ham\u00e1s lleguen a\u00a0<a href=\"https:\/\/efe.com\/mundo\/2024-02-27\/biden-tiene-esperanza-de-que-haya-un-alto-el-fuego-en-gaza\/\" target=\"_blank\" rel=\"noopener\">un acuerdo el pr\u00f3ximo d\u00eda 5 de marzo<\/a>, apenas unos d\u00edas antes del inicio de Ramad\u00e1n.<\/em><\/p>\n<p><em>No obstante, el portavoz del Ministerio de Exteriores catar\u00ed, Majed al Ansari, asegur\u00f3 este martes que hasta el momento no hay ninguna \u201cevoluci\u00f3n\u201d en las negociaciones.<\/em><\/p>\n<p><em>Por su parte, el representante de Ham\u00e1s en L\u00edbano, Osama Hamdan, reiter\u00f3 que \u201ca menos que se detenga la hambruna en Gaza y se ponga fin a la agresi\u00f3n\u201d no habr\u00e1 tregua.<\/em><\/p>\n<p><em>En una entrevista televisivam Hamdan se\u00f1al\u00f3 tambi\u00e9n como c\u00f3mplice de la guerra a la Administraci\u00f3n de Washington, a la que acus\u00f3 de \u201cpresionar\u201d y querer \u201cdebilitar\u201d las exigencias de Ham\u00e1s.<\/em><\/p>\n<p><em>\u00a0<\/em><\/p>\n","protected":false},"excerpt":{"rendered":"<p>Jerusal\u00e9n\/El Cairo (EFE).- El grupo islamista palestino Ham\u00e1s estudia una <a href=\"https:\/\/sertv.gob.pa\/nacionalfm\/hamas-recibe-la-propuesta-para-una-tregua-de-40-dias\/\"> [&#8230;]<\/a><\/p>\n","protected":false},"author":9,"featured_media":94015,"comment_status":"closed","ping_status":"closed","sticky":false,"template":"","format":"standard","meta":{"footnotes":""},"categories":[3],"tags":[],"class_list":["post-94014","post","type-post","status-publish","format-standard","has-post-thumbnail","hentry","category-internacionales"],"_links":{"self":[{"href":"https:\/\/sertv.gob.pa\/nacionalfm\/wp-json\/wp\/v2\/posts\/94014","targetHints":{"allow":["GET"]}}],"collection":[{"href":"https:\/\/sertv.gob.pa\/nacionalfm\/wp-json\/wp\/v2\/posts"}],"about":[{"href":"https:\/\/sertv.gob.pa\/nacionalfm\/wp-json\/wp\/v2\/types\/post"}],"author":[{"embeddable":true,"href":"https:\/\/sertv.gob.pa\/nacionalfm\/wp-json\/wp\/v2\/users\/9"}],"replies":[{"embeddable":true,"href":"https:\/\/sertv.gob.pa\/nacionalfm\/wp-json\/wp\/v2\/comments?post=94014"}],"version-history":[{"count":1,"href":"https:\/\/sertv.gob.pa\/nacionalfm\/wp-json\/wp\/v2\/posts\/94014\/revisions"}],"predecessor-version":[{"id":94016,"href":"https:\/\/sertv.gob.pa\/nacionalfm\/wp-json\/wp\/v2\/posts\/94014\/revisions\/94016"}],"wp:featuredmedia":[{"embeddable":true,"href":"https:\/\/sertv.gob.pa\/nacionalfm\/wp-json\/wp\/v2\/media\/94015"}],"wp:attachment":[{"href":"https:\/\/sertv.gob.pa\/nacionalfm\/wp-json\/wp\/v2\/media?parent=94014"}],"wp:term":[{"taxonomy":"category","embeddable":true,"href":"https:\/\/sertv.gob.pa\/nacionalfm\/wp-json\/wp\/v2\/categories?post=94014"},{"taxonomy":"post_tag","embeddable":true,"href":"https:\/\/sertv.gob.pa\/nacionalfm\/wp-json\/wp\/v2\/tags?post=94014"}],"curies":[{"name":"wp","href":"https:\/\/api.w.org\/{rel}","templated":true}]}}