{"id":94017,"date":"2024-02-27T13:16:45","date_gmt":"2024-02-27T18:16:45","guid":{"rendered":"https:\/\/sertv.gob.pa\/nacionalfm\/?p=94017"},"modified":"2024-02-27T13:16:45","modified_gmt":"2024-02-27T18:16:45","slug":"diez-comunidades-en-alerta-naranja-por-nevadas-lluvia-viento-oleaje-y-aludes","status":"publish","type":"post","link":"https:\/\/sertv.gob.pa\/nacionalfm\/diez-comunidades-en-alerta-naranja-por-nevadas-lluvia-viento-oleaje-y-aludes\/","title":{"rendered":"Diez comunidades en alerta naranja por nevadas, lluvia, viento, oleaje y aludes"},"content":{"rendered":"<p><strong><em>Madrid (EFE).- <\/em><\/strong><em>Diez comunidades aut\u00f3nomas del norte y nordeste peninsular y las islas est\u00e1n en alerta naranja (riesgo importante) por el temporal de nieve, lluvia, viento, oleaje y aludes con impacto un d\u00eda m\u00e1s en casi toda Espa\u00f1a salvo Extremadura, temporal que dejar\u00e1 hoy rachas de 120 kil\u00f3metros y olas de 10 metros.<\/em><\/p>\n<p><em>Las comunidades en alerta naranja son: Arag\u00f3n, Asturias, Baleares, Canarias, Cantabria, Castilla y Le\u00f3n, Catalu\u00f1a, Navarra, Pa\u00eds Vasco y Comunidad Valenciana.<\/em><\/p>\n<p><em>En amarillo, con riesgo para ciertas actividades, por alguna o varias de esas inclemencias, est\u00e1n Andaluc\u00eda, Castilla-La Mancha, Galicia, Madrid, Murcia, La Rioja y la ciudad aut\u00f3noma de Melilla, seg\u00fan la Agencia EStatal de Meteorolog\u00eda (Aemet) en su p\u00e1gina web.<\/em><\/p>\n","protected":false},"excerpt":{"rendered":"<p>Madrid (EFE).- Diez comunidades aut\u00f3nomas del norte y nordeste peninsular <a href=\"https:\/\/sertv.gob.pa\/nacionalfm\/diez-comunidades-en-alerta-naranja-por-nevadas-lluvia-viento-oleaje-y-aludes\/\"> [&#8230;]<\/a><\/p>\n","protected":false},"author":9,"featured_media":94018,"comment_status":"closed","ping_status":"closed","sticky":false,"template":"","format":"standard","meta":{"footnotes":""},"categories":[3],"tags":[],"class_list":["post-94017","post","type-post","status-publish","format-standard","has-post-thumbnail","hentry","category-internacionales"],"_links":{"self":[{"href":"https:\/\/sertv.gob.pa\/nacionalfm\/wp-json\/wp\/v2\/posts\/94017","targetHints":{"allow":["GET"]}}],"collection":[{"href":"https:\/\/sertv.gob.pa\/nacionalfm\/wp-json\/wp\/v2\/posts"}],"about":[{"href":"https:\/\/sertv.gob.pa\/nacionalfm\/wp-json\/wp\/v2\/types\/post"}],"author":[{"embeddable":true,"href":"https:\/\/sertv.gob.pa\/nacionalfm\/wp-json\/wp\/v2\/users\/9"}],"replies":[{"embeddable":true,"href":"https:\/\/sertv.gob.pa\/nacionalfm\/wp-json\/wp\/v2\/comments?post=94017"}],"version-history":[{"count":1,"href":"https:\/\/sertv.gob.pa\/nacionalfm\/wp-json\/wp\/v2\/posts\/94017\/revisions"}],"predecessor-version":[{"id":94019,"href":"https:\/\/sertv.gob.pa\/nacionalfm\/wp-json\/wp\/v2\/posts\/94017\/revisions\/94019"}],"wp:featuredmedia":[{"embeddable":true,"href":"https:\/\/sertv.gob.pa\/nacionalfm\/wp-json\/wp\/v2\/media\/94018"}],"wp:attachment":[{"href":"https:\/\/sertv.gob.pa\/nacionalfm\/wp-json\/wp\/v2\/media?parent=94017"}],"wp:term":[{"taxonomy":"category","embeddable":true,"href":"https:\/\/sertv.gob.pa\/nacionalfm\/wp-json\/wp\/v2\/categories?post=94017"},{"taxonomy":"post_tag","embeddable":true,"href":"https:\/\/sertv.gob.pa\/nacionalfm\/wp-json\/wp\/v2\/tags?post=94017"}],"curies":[{"name":"wp","href":"https:\/\/api.w.org\/{rel}","templated":true}]}}