{"id":941,"date":"2014-08-11T05:00:00","date_gmt":"2014-08-11T05:00:00","guid":{"rendered":""},"modified":"2014-08-11T05:00:00","modified_gmt":"2014-08-11T05:00:00","slug":"medicina-experimental-para-ebola-es-importada-desde-espana","status":"publish","type":"post","link":"https:\/\/sertv.gob.pa\/nacionalfm\/medicina-experimental-para-ebola-es-importada-desde-espana\/","title":{"rendered":"Medicina experimental para \u00e9bola es importada desde Espa\u00f1a"},"content":{"rendered":"<p>\nEspa\u00f1a import\u00f3 un medicamento experimental fabricado en Estados Unidos para tratar a un misionero espa\u00f1ol que fue evacuado de Liberia la semana pasada luego de dar positivo por  \u00e9bola , informaron este lunes las autoridades. <\/p>\n<p>El Ministerio de Salud inform\u00f3 en un comunicado que obtuvo en Ginebra este fin de semana el f\u00e1rmaco ZMapp, hecho por Biopharmaceutical Inc., con sede en San Diego, y fue transportado a Madrid para tratar a Miguel Pajares. <\/p>\n<p>El sacerdote de 75 a\u00f1os est\u00e1 bajo aislamiento en el Hospital Carlos III de Madrid. No se conoce ninguna cura para el \u00e9bola y m\u00e1s de mil personas han fallecido como parte del brote actual en \u00c1frica occidental. <\/p>\n<p>La Organizaci\u00f3n Mundial de la Salud ha calificado de emergencia internacional de salud el brote de \u00e9bola que surgi\u00f3 en marzo en Guinea y se ha extendido a Liberia, Sierra Leona y Nigeria. La  OMS  ya pidi\u00f3 a los pa\u00edses de todo el mundo donar recursos para enfrentar la enfermedad. <\/p>\n<p>El lunes, especialistas en \u00e9tica m\u00e9dica y otros expertos convocados a una teleconferencia por la  ONU  debat\u00edan las cuestiones \u00e9ticas en torno a los medicamentos experimentales para \u00e9l \u00e9bola.\u00a0 @nacionalFm <\/p>\n","protected":false},"excerpt":{"rendered":"<p>Espa\u00f1a import\u00f3 un medicamento experimental fabricado en Estados Unidos para <a href=\"https:\/\/sertv.gob.pa\/nacionalfm\/medicina-experimental-para-ebola-es-importada-desde-espana\/\"> [&#8230;]<\/a><\/p>\n","protected":false},"author":1,"featured_media":942,"comment_status":"closed","ping_status":"closed","sticky":false,"template":"","format":"standard","meta":{"footnotes":""},"categories":[5],"tags":[],"class_list":["post-941","post","type-post","status-publish","format-standard","has-post-thumbnail","hentry","category-salud"],"_links":{"self":[{"href":"https:\/\/sertv.gob.pa\/nacionalfm\/wp-json\/wp\/v2\/posts\/941","targetHints":{"allow":["GET"]}}],"collection":[{"href":"https:\/\/sertv.gob.pa\/nacionalfm\/wp-json\/wp\/v2\/posts"}],"about":[{"href":"https:\/\/sertv.gob.pa\/nacionalfm\/wp-json\/wp\/v2\/types\/post"}],"author":[{"embeddable":true,"href":"https:\/\/sertv.gob.pa\/nacionalfm\/wp-json\/wp\/v2\/users\/1"}],"replies":[{"embeddable":true,"href":"https:\/\/sertv.gob.pa\/nacionalfm\/wp-json\/wp\/v2\/comments?post=941"}],"version-history":[{"count":0,"href":"https:\/\/sertv.gob.pa\/nacionalfm\/wp-json\/wp\/v2\/posts\/941\/revisions"}],"wp:featuredmedia":[{"embeddable":true,"href":"https:\/\/sertv.gob.pa\/nacionalfm\/wp-json\/wp\/v2\/media\/942"}],"wp:attachment":[{"href":"https:\/\/sertv.gob.pa\/nacionalfm\/wp-json\/wp\/v2\/media?parent=941"}],"wp:term":[{"taxonomy":"category","embeddable":true,"href":"https:\/\/sertv.gob.pa\/nacionalfm\/wp-json\/wp\/v2\/categories?post=941"},{"taxonomy":"post_tag","embeddable":true,"href":"https:\/\/sertv.gob.pa\/nacionalfm\/wp-json\/wp\/v2\/tags?post=941"}],"curies":[{"name":"wp","href":"https:\/\/api.w.org\/{rel}","templated":true}]}}