{"id":9411,"date":"2015-12-16T15:52:07","date_gmt":"2015-12-16T15:52:07","guid":{"rendered":""},"modified":"2015-12-16T15:52:07","modified_gmt":"2015-12-16T15:52:07","slug":"expectativa-por-peso-de-tyson-marquez-y-nica-concepcion","status":"publish","type":"post","link":"https:\/\/sertv.gob.pa\/nacionalfm\/expectativa-por-peso-de-tyson-marquez-y-nica-concepcion\/","title":{"rendered":"Expectativa por peso de \u201cTyson\u201d M\u00e1rquez y \u201cNica\u201d Concepci\u00f3n"},"content":{"rendered":"<p>\nGran expectativa existe por el peso oficial del mexicano Hern\u00e1n &ldquo;Tyson&rdquo; M\u00e1rquez y del campe\u00f3n paname\u00f1o Luis &ldquo;El Nica&rdquo; Concepci\u00f3n, que deben subir hoy a las cuatro de la tarde en el restaurante Lion Red, en 115 libras para la defensa del t\u00edtulo interino supermosca de la Asociaci\u00f3n Mundial de Boxeo ma\u00f1ana 17 de diciembre en la Arena Roberto Dur\u00e1n. <\/p>\n<p>&ldquo;Tyson&rdquo; M\u00e1rquez que ha vencido dos veces al paname\u00f1o por la v\u00eda del K.O. en el examen previo hizo un peso de 126 libras, mientras que el campe\u00f3n pes\u00f3 122 libras. <\/p>\n<p>El campe\u00f3n paname\u00f1o ha manifestado que para este encuentro cuenta con una mejor preparaci\u00f3n que las dos veces anteriores que se enfrent\u00f3 al mexicano, mientras que el retador especula que &ldquo;El Nica&rdquo; contin\u00faa siendo un boxeador frontal y que no le ha visto cambio alguno, por lo que conf\u00eda en llevar nuevamente un t\u00edtulo para M\u00e9xico, venciendo por tercera ocasi\u00f3n al paname\u00f1o. <\/p>\n","protected":false},"excerpt":{"rendered":"<p>Gran expectativa existe por el peso oficial del mexicano Hern\u00e1n <a href=\"https:\/\/sertv.gob.pa\/nacionalfm\/expectativa-por-peso-de-tyson-marquez-y-nica-concepcion\/\"> [&#8230;]<\/a><\/p>\n","protected":false},"author":1,"featured_media":9412,"comment_status":"closed","ping_status":"closed","sticky":false,"template":"","format":"standard","meta":{"footnotes":""},"categories":[4],"tags":[],"class_list":["post-9411","post","type-post","status-publish","format-standard","has-post-thumbnail","hentry","category-deportes"],"_links":{"self":[{"href":"https:\/\/sertv.gob.pa\/nacionalfm\/wp-json\/wp\/v2\/posts\/9411","targetHints":{"allow":["GET"]}}],"collection":[{"href":"https:\/\/sertv.gob.pa\/nacionalfm\/wp-json\/wp\/v2\/posts"}],"about":[{"href":"https:\/\/sertv.gob.pa\/nacionalfm\/wp-json\/wp\/v2\/types\/post"}],"author":[{"embeddable":true,"href":"https:\/\/sertv.gob.pa\/nacionalfm\/wp-json\/wp\/v2\/users\/1"}],"replies":[{"embeddable":true,"href":"https:\/\/sertv.gob.pa\/nacionalfm\/wp-json\/wp\/v2\/comments?post=9411"}],"version-history":[{"count":0,"href":"https:\/\/sertv.gob.pa\/nacionalfm\/wp-json\/wp\/v2\/posts\/9411\/revisions"}],"wp:featuredmedia":[{"embeddable":true,"href":"https:\/\/sertv.gob.pa\/nacionalfm\/wp-json\/wp\/v2\/media\/9412"}],"wp:attachment":[{"href":"https:\/\/sertv.gob.pa\/nacionalfm\/wp-json\/wp\/v2\/media?parent=9411"}],"wp:term":[{"taxonomy":"category","embeddable":true,"href":"https:\/\/sertv.gob.pa\/nacionalfm\/wp-json\/wp\/v2\/categories?post=9411"},{"taxonomy":"post_tag","embeddable":true,"href":"https:\/\/sertv.gob.pa\/nacionalfm\/wp-json\/wp\/v2\/tags?post=9411"}],"curies":[{"name":"wp","href":"https:\/\/api.w.org\/{rel}","templated":true}]}}