{"id":94192,"date":"2024-03-05T13:12:30","date_gmt":"2024-03-05T18:12:30","guid":{"rendered":"https:\/\/sertv.gob.pa\/nacionalfm\/?p=94192"},"modified":"2024-03-05T13:12:30","modified_gmt":"2024-03-05T18:12:30","slug":"israel-y-hamas-acuerdan-los-puntos-basicos-para-la-tregua-segun-fuentes-palestinas","status":"publish","type":"post","link":"https:\/\/sertv.gob.pa\/nacionalfm\/israel-y-hamas-acuerdan-los-puntos-basicos-para-la-tregua-segun-fuentes-palestinas\/","title":{"rendered":"Israel y Ham\u00e1s acuerdan los \u201cpuntos b\u00e1sicos\u201d para la tregua, seg\u00fan fuentes palestinas"},"content":{"rendered":"<p><strong><em>El Cairo\/Jerusal\u00e9n (EFE) .-<\/em><\/strong> El grupo islamista palestino Ham\u00e1s e Israel han acordado los \u201cpuntos b\u00e1sicos\u201d para alcanzar una tregua de 40 d\u00edas, entre los que se incluye el canje de 40 rehenes israel\u00edes por 404 presos palestinos en c\u00e1rceles israel\u00edes, seg\u00fan han confirmado este martes a EFE fuentes palestinas y egipcias cercanas a las conversaciones en El Cairo.<\/p>\n<p>Hasta el momento, ambas partes habr\u00edan llegado a un acuerdo en el que la tregua durar\u00eda 40 d\u00edas, plazo en el que se liberar\u00edan 40 rehenes israel\u00edes, entre ellos mujeres, ni\u00f1os y hombres mayores de 60 a\u00f1os, a cambio de la excarcelaci\u00f3n de 404 presos palestinos en c\u00e1rceles de Israel.<\/p>\n<p>Israel y Ham\u00e1s ya pactaron en noviembre una tregua que permiti\u00f3 la liberaci\u00f3n de 105 rehenes a cambio de la excarcelaci\u00f3n de 240 palestinos presos en c\u00e1rceles israel\u00edes.<\/p>\n<p>Dentro de este acuerdo marco, se habr\u00eda pactado tambi\u00e9n la retirada de Israel de los centros de las ciudades de toda la Franja de Gaza en una primera fase y permitir que los desplazados en la ciudad palestina de Rafah, en el extremo sur del enclave y fronteriza con Egipto, regresen a las regiones del norte y el centro del enclave palestino.<\/p>\n<p>Adem\u00e1s, se permitir\u00eda la entrada en la Franja de al menos 500 camiones de ayuda humanitaria cada d\u00eda.<\/p>\n","protected":false},"excerpt":{"rendered":"<p>El Cairo\/Jerusal\u00e9n (EFE) .- El grupo islamista palestino Ham\u00e1s e <a href=\"https:\/\/sertv.gob.pa\/nacionalfm\/israel-y-hamas-acuerdan-los-puntos-basicos-para-la-tregua-segun-fuentes-palestinas\/\"> [&#8230;]<\/a><\/p>\n","protected":false},"author":9,"featured_media":94193,"comment_status":"closed","ping_status":"closed","sticky":false,"template":"","format":"standard","meta":{"footnotes":""},"categories":[3],"tags":[],"class_list":["post-94192","post","type-post","status-publish","format-standard","has-post-thumbnail","hentry","category-internacionales"],"_links":{"self":[{"href":"https:\/\/sertv.gob.pa\/nacionalfm\/wp-json\/wp\/v2\/posts\/94192","targetHints":{"allow":["GET"]}}],"collection":[{"href":"https:\/\/sertv.gob.pa\/nacionalfm\/wp-json\/wp\/v2\/posts"}],"about":[{"href":"https:\/\/sertv.gob.pa\/nacionalfm\/wp-json\/wp\/v2\/types\/post"}],"author":[{"embeddable":true,"href":"https:\/\/sertv.gob.pa\/nacionalfm\/wp-json\/wp\/v2\/users\/9"}],"replies":[{"embeddable":true,"href":"https:\/\/sertv.gob.pa\/nacionalfm\/wp-json\/wp\/v2\/comments?post=94192"}],"version-history":[{"count":1,"href":"https:\/\/sertv.gob.pa\/nacionalfm\/wp-json\/wp\/v2\/posts\/94192\/revisions"}],"predecessor-version":[{"id":94194,"href":"https:\/\/sertv.gob.pa\/nacionalfm\/wp-json\/wp\/v2\/posts\/94192\/revisions\/94194"}],"wp:featuredmedia":[{"embeddable":true,"href":"https:\/\/sertv.gob.pa\/nacionalfm\/wp-json\/wp\/v2\/media\/94193"}],"wp:attachment":[{"href":"https:\/\/sertv.gob.pa\/nacionalfm\/wp-json\/wp\/v2\/media?parent=94192"}],"wp:term":[{"taxonomy":"category","embeddable":true,"href":"https:\/\/sertv.gob.pa\/nacionalfm\/wp-json\/wp\/v2\/categories?post=94192"},{"taxonomy":"post_tag","embeddable":true,"href":"https:\/\/sertv.gob.pa\/nacionalfm\/wp-json\/wp\/v2\/tags?post=94192"}],"curies":[{"name":"wp","href":"https:\/\/api.w.org\/{rel}","templated":true}]}}