{"id":94226,"date":"2024-03-06T12:17:23","date_gmt":"2024-03-06T17:17:23","guid":{"rendered":"https:\/\/sertv.gob.pa\/nacionalfm\/?p=94226"},"modified":"2024-03-06T12:17:23","modified_gmt":"2024-03-06T17:17:23","slug":"zelenski-y-mitsotakis-salen-ilesos-de-un-ataque-de-drones-rusos-cerca-de-sus-convoyes","status":"publish","type":"post","link":"https:\/\/sertv.gob.pa\/nacionalfm\/zelenski-y-mitsotakis-salen-ilesos-de-un-ataque-de-drones-rusos-cerca-de-sus-convoyes\/","title":{"rendered":"Zelenski y Mitsotakis salen ilesos de un ataque de drones rusos cerca de sus convoyes"},"content":{"rendered":"<p><strong><em>\u00a0<\/em><\/strong><strong><em>Atenas, (EFE). \u2013 <\/em><\/strong><em>Varias explosiones se registraron a menos de 200 metros de los convoyes de autom\u00f3viles en los que iban el presidente ucraniano, Volodimir Zelensky, y el primer ministro griego, Kyriakos Mitsotakis, unos minutos antes de que los dos mandatarios se reunieran, ilesos, en la ciudad ucraniana de Odesa.<\/em><\/p>\n<p><em>Seg\u00fan la televisi\u00f3n privada SKAI, las explosiones se registraron a tan solo unos 150 metros del convoy y fueron causadas por un ataque de drones rusos.<\/em><\/p>\n<p><em>Fuentes gubernamentales griegas se\u00f1alaron que Mitsotakis y todos los miembros de su delegaci\u00f3n gozan de buena salud, mientras que unos minutos despu\u00e9s del incidente Mitsotakis y Zelenksi mantuvieron la reuni\u00f3n que ten\u00edan prevista.<\/em><\/p>\n<p><strong><em>El convoy griego se desvi\u00f3 de la ruta<\/em><\/strong><\/p>\n<p><em>Inmediatamente despu\u00e9s de que se produjeran las explosiones, el convoy griego se desvi\u00f3 de la ruta que ten\u00eda predeterminada, siguiendo las instrucciones de las autoridades ucranianas, precis\u00f3 SKAI.<\/em><\/p>\n<p><em>Unos minutos despu\u00e9s del ataque, Mitsotakis y Zelenski mantuvieron la reuni\u00f3n que ten\u00edan prevista.<\/em><\/p>\n<p><strong><em>Reuni\u00f3n entre Zelenski y Mitsotakis<\/em><\/strong><\/p>\n<p><em>\u201cEst\u00e1bamos en el puerto de Odesa y el presidente Zelenski y su equipo nos estaban ofreciendo una visita guiada cuando o\u00edmos unas sirenas y, poco despu\u00e9s, mientras sub\u00edamos a nuestros coches, o\u00edmos una gran explosi\u00f3n\u201d, se\u00f1al\u00f3 Mitsotakis tras la reuni\u00f3n en una rueda de prensa junto al presidente ucraniano.<\/em><\/p>\n<p><em>El primer ministro griego recalc\u00f3 que este incidente es \u201cel mejor y m\u00e1s v\u00edvido recordatorio\u201d de que en Ucrania \u201ctodos los d\u00edas hay una guerra que no solo afecta al frente, a los soldados, sino tambi\u00e9n<strong> a personas inocentes\u201d.<\/strong><\/em><\/p>\n<p><strong><em>Varios ataques a la ciudad en los \u00faltimos d\u00edas<\/em><\/strong><\/p>\n<p><em>Seg\u00fan la corresponsal de la emisora p\u00fablica griega ERT en Odesa, durante la reuni\u00f3n de los dos l\u00edderes se registr\u00f3 adem\u00e1s un ataque con misiles bal\u00edsticos en la ciudad.<\/em><\/p>\n<p><em>El pasado s\u00e1bado, doce civiles, entre ellos cinco ni\u00f1os, perdieron la vida en esta ciudad portuaria del suroeste ucraniano cuando un misil ruso impact\u00f3 en un complejo de viviendas.<\/em><\/p>\n<p><em>El viaje de Mitsotakis a Ucrania fue revelado por medios griegos este mismo mi\u00e9rcoles, resaltando que se trataba de una visita rel\u00e1mpago para reunirse con Zelenski y mostrarle el apoyo de su Gobierno en su resistencia contra la invasi\u00f3n rusa.<\/em><\/p>\n","protected":false},"excerpt":{"rendered":"<p>\u00a0Atenas, (EFE). \u2013 Varias explosiones se registraron a menos de <a href=\"https:\/\/sertv.gob.pa\/nacionalfm\/zelenski-y-mitsotakis-salen-ilesos-de-un-ataque-de-drones-rusos-cerca-de-sus-convoyes\/\"> [&#8230;]<\/a><\/p>\n","protected":false},"author":9,"featured_media":94227,"comment_status":"closed","ping_status":"closed","sticky":false,"template":"","format":"standard","meta":{"footnotes":""},"categories":[3],"tags":[],"class_list":["post-94226","post","type-post","status-publish","format-standard","has-post-thumbnail","hentry","category-internacionales"],"_links":{"self":[{"href":"https:\/\/sertv.gob.pa\/nacionalfm\/wp-json\/wp\/v2\/posts\/94226","targetHints":{"allow":["GET"]}}],"collection":[{"href":"https:\/\/sertv.gob.pa\/nacionalfm\/wp-json\/wp\/v2\/posts"}],"about":[{"href":"https:\/\/sertv.gob.pa\/nacionalfm\/wp-json\/wp\/v2\/types\/post"}],"author":[{"embeddable":true,"href":"https:\/\/sertv.gob.pa\/nacionalfm\/wp-json\/wp\/v2\/users\/9"}],"replies":[{"embeddable":true,"href":"https:\/\/sertv.gob.pa\/nacionalfm\/wp-json\/wp\/v2\/comments?post=94226"}],"version-history":[{"count":1,"href":"https:\/\/sertv.gob.pa\/nacionalfm\/wp-json\/wp\/v2\/posts\/94226\/revisions"}],"predecessor-version":[{"id":94228,"href":"https:\/\/sertv.gob.pa\/nacionalfm\/wp-json\/wp\/v2\/posts\/94226\/revisions\/94228"}],"wp:featuredmedia":[{"embeddable":true,"href":"https:\/\/sertv.gob.pa\/nacionalfm\/wp-json\/wp\/v2\/media\/94227"}],"wp:attachment":[{"href":"https:\/\/sertv.gob.pa\/nacionalfm\/wp-json\/wp\/v2\/media?parent=94226"}],"wp:term":[{"taxonomy":"category","embeddable":true,"href":"https:\/\/sertv.gob.pa\/nacionalfm\/wp-json\/wp\/v2\/categories?post=94226"},{"taxonomy":"post_tag","embeddable":true,"href":"https:\/\/sertv.gob.pa\/nacionalfm\/wp-json\/wp\/v2\/tags?post=94226"}],"curies":[{"name":"wp","href":"https:\/\/api.w.org\/{rel}","templated":true}]}}