{"id":9427,"date":"2015-12-16T21:30:00","date_gmt":"2015-12-16T21:30:00","guid":{"rendered":""},"modified":"2015-12-16T21:30:00","modified_gmt":"2015-12-16T21:30:00","slug":"posibilidades-de-que-panama-sea-sede-de-centrobasket-2016","status":"publish","type":"post","link":"https:\/\/sertv.gob.pa\/nacionalfm\/posibilidades-de-que-panama-sea-sede-de-centrobasket-2016\/","title":{"rendered":"Posibilidades de que Panam\u00e1 sea sede de Centrobasket 2016"},"content":{"rendered":"<p>\nEl director deportivo y desarrollo de la Federaci\u00f3n Internacional de Baloncesto (FIBA Am\u00e9ricas) An\u00edbal Garc\u00eda y Javier Otero director de competiciones del mismo organismo visitaron al director del Instituto Paname\u00f1o de Deportes Roberto &ldquo;Bob&rdquo; Arango, con la intenci\u00f3n de crear la posibilidad de que Panam\u00e1 sea sede del Centrobasket masculino mayor 2016. <\/p>\n<p>En esta primera reuni\u00f3n, realizada en la sede del Instituto Paname\u00f1o de Deportes, los directivos de la FIBA explicaron las normativas y requisitos que necesita todo pa\u00eds para ser sede del evento de baloncesto m\u00e1s importante de la regi\u00f3n.\u00a0 El Centrobasket se realizar\u00eda entre el mes de junio y julio del 2016. <\/p>\n<p>El director Arango destac\u00f3 que tanto la FEPABA como FIBA Am\u00e9ricas \u00a0contar\u00e1 con todo el apoyo de PANDEPORTES para que este evento se realice en Panam\u00e1. <\/p>\n<p>Tambi\u00e9n estuvieron presentes en la reuni\u00f3n Mario P\u00e9rez, Secretario General de PANDEPORTES, Jair Peralta Presidente de la Federaci\u00f3n Paname\u00f1a de Baloncesto (FEPABA) y su vicepresidente Eduardo Cerda. <\/p>\n<p>De realizarse en Centrobasket 2016 en nuestro pa\u00eds, esta ser\u00eda la tercera vez que Panam\u00e1 funge como anfitri\u00f3n de este torneo, siendo sede anteriormente en 1977 y 2006. <\/p>\n","protected":false},"excerpt":{"rendered":"<p>El director deportivo y desarrollo de la Federaci\u00f3n Internacional de <a href=\"https:\/\/sertv.gob.pa\/nacionalfm\/posibilidades-de-que-panama-sea-sede-de-centrobasket-2016\/\"> [&#8230;]<\/a><\/p>\n","protected":false},"author":1,"featured_media":9428,"comment_status":"closed","ping_status":"closed","sticky":false,"template":"","format":"standard","meta":{"footnotes":""},"categories":[4],"tags":[],"class_list":["post-9427","post","type-post","status-publish","format-standard","has-post-thumbnail","hentry","category-deportes"],"_links":{"self":[{"href":"https:\/\/sertv.gob.pa\/nacionalfm\/wp-json\/wp\/v2\/posts\/9427","targetHints":{"allow":["GET"]}}],"collection":[{"href":"https:\/\/sertv.gob.pa\/nacionalfm\/wp-json\/wp\/v2\/posts"}],"about":[{"href":"https:\/\/sertv.gob.pa\/nacionalfm\/wp-json\/wp\/v2\/types\/post"}],"author":[{"embeddable":true,"href":"https:\/\/sertv.gob.pa\/nacionalfm\/wp-json\/wp\/v2\/users\/1"}],"replies":[{"embeddable":true,"href":"https:\/\/sertv.gob.pa\/nacionalfm\/wp-json\/wp\/v2\/comments?post=9427"}],"version-history":[{"count":0,"href":"https:\/\/sertv.gob.pa\/nacionalfm\/wp-json\/wp\/v2\/posts\/9427\/revisions"}],"wp:featuredmedia":[{"embeddable":true,"href":"https:\/\/sertv.gob.pa\/nacionalfm\/wp-json\/wp\/v2\/media\/9428"}],"wp:attachment":[{"href":"https:\/\/sertv.gob.pa\/nacionalfm\/wp-json\/wp\/v2\/media?parent=9427"}],"wp:term":[{"taxonomy":"category","embeddable":true,"href":"https:\/\/sertv.gob.pa\/nacionalfm\/wp-json\/wp\/v2\/categories?post=9427"},{"taxonomy":"post_tag","embeddable":true,"href":"https:\/\/sertv.gob.pa\/nacionalfm\/wp-json\/wp\/v2\/tags?post=9427"}],"curies":[{"name":"wp","href":"https:\/\/api.w.org\/{rel}","templated":true}]}}