{"id":94273,"date":"2024-03-07T13:25:05","date_gmt":"2024-03-07T18:25:05","guid":{"rendered":"https:\/\/sertv.gob.pa\/nacionalfm\/?p=94273"},"modified":"2024-03-07T13:25:05","modified_gmt":"2024-03-07T18:25:05","slug":"las-negociaciones-para-una-tregua-en-gaza-se-reanudaran-la-proxima-semana-al-no-haber-acuerdo","status":"publish","type":"post","link":"https:\/\/sertv.gob.pa\/nacionalfm\/las-negociaciones-para-una-tregua-en-gaza-se-reanudaran-la-proxima-semana-al-no-haber-acuerdo\/","title":{"rendered":"Las negociaciones para una tregua en Gaza se reanudar\u00e1n la pr\u00f3xima semana al no haber acuerdo"},"content":{"rendered":"<p><strong><em>El Cairo (EFE).-<\/em><\/strong> Las negociaciones para alcanzar una tregua en Gaza se reanudar\u00e1n la semana que viene despu\u00e9s de que la delegaci\u00f3n de Ham\u00e1s dejara anoche El Cairo sin un acuerdo, informaron este jueves medios egipcios.<\/p>\n<p>\u201cLa delegaci\u00f3n de Ham\u00e1s ha abandonado El Cairo para consultas sobre la tregua y las negociaciones se reanudar\u00e1n la semana que viene\u201d, afirm\u00f3 una fuente egipcia de alto rango al canal Al Qahera News, cercano a la Inteligencia egipcia.<\/p>\n<p>El informante an\u00f3nimo indic\u00f3 que, igualmente, \u201clas consultas contin\u00faan entre todas las partes para alcanzar una tregua antes de Ramad\u00e1n\u201d, que se espera que comience el 10 o 11 de marzo, seg\u00fan el calendario lunar.<\/p>\n<p><a href=\"https:\/\/efe.com\/?s=tregua\" target=\"_blank\" rel=\"noopener\"><strong>Las negociaciones<\/strong><\/a>, por tanto, se podr\u00edan reanudar el pr\u00f3ximo domingo dado que es el primer d\u00eda de la semana en Egipto, aunque las fuentes no han dado m\u00e1s detalles.<\/p>\n","protected":false},"excerpt":{"rendered":"<p>El Cairo (EFE).- Las negociaciones para alcanzar una tregua en <a href=\"https:\/\/sertv.gob.pa\/nacionalfm\/las-negociaciones-para-una-tregua-en-gaza-se-reanudaran-la-proxima-semana-al-no-haber-acuerdo\/\"> [&#8230;]<\/a><\/p>\n","protected":false},"author":9,"featured_media":94274,"comment_status":"closed","ping_status":"closed","sticky":false,"template":"","format":"standard","meta":{"footnotes":""},"categories":[3],"tags":[],"class_list":["post-94273","post","type-post","status-publish","format-standard","has-post-thumbnail","hentry","category-internacionales"],"_links":{"self":[{"href":"https:\/\/sertv.gob.pa\/nacionalfm\/wp-json\/wp\/v2\/posts\/94273","targetHints":{"allow":["GET"]}}],"collection":[{"href":"https:\/\/sertv.gob.pa\/nacionalfm\/wp-json\/wp\/v2\/posts"}],"about":[{"href":"https:\/\/sertv.gob.pa\/nacionalfm\/wp-json\/wp\/v2\/types\/post"}],"author":[{"embeddable":true,"href":"https:\/\/sertv.gob.pa\/nacionalfm\/wp-json\/wp\/v2\/users\/9"}],"replies":[{"embeddable":true,"href":"https:\/\/sertv.gob.pa\/nacionalfm\/wp-json\/wp\/v2\/comments?post=94273"}],"version-history":[{"count":1,"href":"https:\/\/sertv.gob.pa\/nacionalfm\/wp-json\/wp\/v2\/posts\/94273\/revisions"}],"predecessor-version":[{"id":94275,"href":"https:\/\/sertv.gob.pa\/nacionalfm\/wp-json\/wp\/v2\/posts\/94273\/revisions\/94275"}],"wp:featuredmedia":[{"embeddable":true,"href":"https:\/\/sertv.gob.pa\/nacionalfm\/wp-json\/wp\/v2\/media\/94274"}],"wp:attachment":[{"href":"https:\/\/sertv.gob.pa\/nacionalfm\/wp-json\/wp\/v2\/media?parent=94273"}],"wp:term":[{"taxonomy":"category","embeddable":true,"href":"https:\/\/sertv.gob.pa\/nacionalfm\/wp-json\/wp\/v2\/categories?post=94273"},{"taxonomy":"post_tag","embeddable":true,"href":"https:\/\/sertv.gob.pa\/nacionalfm\/wp-json\/wp\/v2\/tags?post=94273"}],"curies":[{"name":"wp","href":"https:\/\/api.w.org\/{rel}","templated":true}]}}