{"id":943,"date":"2014-08-11T05:00:00","date_gmt":"2014-08-11T05:00:00","guid":{"rendered":""},"modified":"2014-08-11T05:00:00","modified_gmt":"2014-08-11T05:00:00","slug":"los-casos-de-dengue-continuan-a-lo-largo-de-todo-el-pais","status":"publish","type":"post","link":"https:\/\/sertv.gob.pa\/nacionalfm\/los-casos-de-dengue-continuan-a-lo-largo-de-todo-el-pais\/","title":{"rendered":"Los casos de dengue contin\u00faan a lo largo de todo el pa\u00eds"},"content":{"rendered":"<p>\nEl Ministerio de Salud (Minsa) dio a conocer que contin\u00faan apareciendo casos de dengue a lo largo de todo el pa\u00eds. <\/p>\n<p>El \u00faltimo informe estad\u00edstico elaborado por el Minsa da cuenta de que hasta el pasado 7 de agosto se confirmaron 4 mil 465 casos de la enfermedad. De ese total 19 fueron graves, 385 con signos de alarma y 4 mil 061 que no presentaron mayores complicaciones a la salud. <\/p>\n<p>Adem\u00e1s, las nuevas autoridades de Salud actualizaron la cifra de los casos de dengue que se dieron en 2013 y que lleg\u00f3 a 4 mil 781 casos. Esto despu\u00e9s de que los n\u00fameros aportados por las autoridades salientes se\u00f1alaban que ese a\u00f1o se hab\u00edan registrado \u00fanicamente 3 mil 232 casos de la enfermedad. <\/p>\n<p>Lourdes Garc\u00eda, directora de Epidemiolog\u00eda del Minsa, reitera que la \u00fanica forma de bajar los \u00edndices de infestaci\u00f3n es con la eliminaci\u00f3n de los criaderos del mosquito Aedes aegypti. <\/p>\n<p>En 2014 se han reportado ocho decesos por dengue, misma cifra que en 2013.\u00a0 @nacionalFm <\/p>\n<p>\u00a0 <\/p>\n","protected":false},"excerpt":{"rendered":"<p>El Ministerio de Salud (Minsa) dio a conocer que contin\u00faan <a href=\"https:\/\/sertv.gob.pa\/nacionalfm\/los-casos-de-dengue-continuan-a-lo-largo-de-todo-el-pais\/\"> [&#8230;]<\/a><\/p>\n","protected":false},"author":1,"featured_media":944,"comment_status":"closed","ping_status":"closed","sticky":false,"template":"","format":"standard","meta":{"footnotes":""},"categories":[5],"tags":[],"class_list":["post-943","post","type-post","status-publish","format-standard","has-post-thumbnail","hentry","category-salud"],"_links":{"self":[{"href":"https:\/\/sertv.gob.pa\/nacionalfm\/wp-json\/wp\/v2\/posts\/943","targetHints":{"allow":["GET"]}}],"collection":[{"href":"https:\/\/sertv.gob.pa\/nacionalfm\/wp-json\/wp\/v2\/posts"}],"about":[{"href":"https:\/\/sertv.gob.pa\/nacionalfm\/wp-json\/wp\/v2\/types\/post"}],"author":[{"embeddable":true,"href":"https:\/\/sertv.gob.pa\/nacionalfm\/wp-json\/wp\/v2\/users\/1"}],"replies":[{"embeddable":true,"href":"https:\/\/sertv.gob.pa\/nacionalfm\/wp-json\/wp\/v2\/comments?post=943"}],"version-history":[{"count":0,"href":"https:\/\/sertv.gob.pa\/nacionalfm\/wp-json\/wp\/v2\/posts\/943\/revisions"}],"wp:featuredmedia":[{"embeddable":true,"href":"https:\/\/sertv.gob.pa\/nacionalfm\/wp-json\/wp\/v2\/media\/944"}],"wp:attachment":[{"href":"https:\/\/sertv.gob.pa\/nacionalfm\/wp-json\/wp\/v2\/media?parent=943"}],"wp:term":[{"taxonomy":"category","embeddable":true,"href":"https:\/\/sertv.gob.pa\/nacionalfm\/wp-json\/wp\/v2\/categories?post=943"},{"taxonomy":"post_tag","embeddable":true,"href":"https:\/\/sertv.gob.pa\/nacionalfm\/wp-json\/wp\/v2\/tags?post=943"}],"curies":[{"name":"wp","href":"https:\/\/api.w.org\/{rel}","templated":true}]}}