{"id":94301,"date":"2024-03-08T14:29:45","date_gmt":"2024-03-08T19:29:45","guid":{"rendered":"https:\/\/sertv.gob.pa\/nacionalfm\/?p=94301"},"modified":"2024-03-08T14:29:45","modified_gmt":"2024-03-08T19:29:45","slug":"von-der-leyen-anuncia-que-el-corredor-maritimo-de-ayuda-para-gaza-comenzara-el-sabado-o-domingo","status":"publish","type":"post","link":"https:\/\/sertv.gob.pa\/nacionalfm\/von-der-leyen-anuncia-que-el-corredor-maritimo-de-ayuda-para-gaza-comenzara-el-sabado-o-domingo\/","title":{"rendered":"Von der Leyen anuncia que el corredor mar\u00edtimo de ayuda para Gaza comenzar\u00e1 el s\u00e1bado o domingo"},"content":{"rendered":"<p><strong><em>Nicosia (Chipre), 8 mar (EFE).- <\/em><\/strong><em>La presidenta de la Comisi\u00f3n Europea, Ursula Von der Leyen, anunci\u00f3 este viernes que el corredor mar\u00edtimo con ayuda internacional para la Franja de Gaza empezar\u00e1 a funcionar este s\u00e1bado o domingo, aunque habr\u00e1 un primer viaje piloto saliendo de Chipre hoy mismo.<\/em><\/p>\n<p><em>\u201cEstamos muy cerca de la apertura del corredor, esperemos que este s\u00e1bado, este domingo, y me alegra mucho ver que hoy se pondr\u00e1 en marcha una primera operaci\u00f3n piloto\u201d, dijo la mandataria comunitaria en una declaraci\u00f3n ante la prensa en Larnaca (Chipre) junto con el presidente chipriota, Nikos Jristodoulidis.<\/em><\/p>\n","protected":false},"excerpt":{"rendered":"<p>Nicosia (Chipre), 8 mar (EFE).- La presidenta de la Comisi\u00f3n <a href=\"https:\/\/sertv.gob.pa\/nacionalfm\/von-der-leyen-anuncia-que-el-corredor-maritimo-de-ayuda-para-gaza-comenzara-el-sabado-o-domingo\/\"> [&#8230;]<\/a><\/p>\n","protected":false},"author":9,"featured_media":94302,"comment_status":"closed","ping_status":"closed","sticky":false,"template":"","format":"standard","meta":{"footnotes":""},"categories":[3],"tags":[],"class_list":["post-94301","post","type-post","status-publish","format-standard","has-post-thumbnail","hentry","category-internacionales"],"_links":{"self":[{"href":"https:\/\/sertv.gob.pa\/nacionalfm\/wp-json\/wp\/v2\/posts\/94301","targetHints":{"allow":["GET"]}}],"collection":[{"href":"https:\/\/sertv.gob.pa\/nacionalfm\/wp-json\/wp\/v2\/posts"}],"about":[{"href":"https:\/\/sertv.gob.pa\/nacionalfm\/wp-json\/wp\/v2\/types\/post"}],"author":[{"embeddable":true,"href":"https:\/\/sertv.gob.pa\/nacionalfm\/wp-json\/wp\/v2\/users\/9"}],"replies":[{"embeddable":true,"href":"https:\/\/sertv.gob.pa\/nacionalfm\/wp-json\/wp\/v2\/comments?post=94301"}],"version-history":[{"count":1,"href":"https:\/\/sertv.gob.pa\/nacionalfm\/wp-json\/wp\/v2\/posts\/94301\/revisions"}],"predecessor-version":[{"id":94303,"href":"https:\/\/sertv.gob.pa\/nacionalfm\/wp-json\/wp\/v2\/posts\/94301\/revisions\/94303"}],"wp:featuredmedia":[{"embeddable":true,"href":"https:\/\/sertv.gob.pa\/nacionalfm\/wp-json\/wp\/v2\/media\/94302"}],"wp:attachment":[{"href":"https:\/\/sertv.gob.pa\/nacionalfm\/wp-json\/wp\/v2\/media?parent=94301"}],"wp:term":[{"taxonomy":"category","embeddable":true,"href":"https:\/\/sertv.gob.pa\/nacionalfm\/wp-json\/wp\/v2\/categories?post=94301"},{"taxonomy":"post_tag","embeddable":true,"href":"https:\/\/sertv.gob.pa\/nacionalfm\/wp-json\/wp\/v2\/tags?post=94301"}],"curies":[{"name":"wp","href":"https:\/\/api.w.org\/{rel}","templated":true}]}}