{"id":9431,"date":"2015-12-16T22:13:30","date_gmt":"2015-12-16T22:13:30","guid":{"rendered":""},"modified":"2015-12-16T22:13:30","modified_gmt":"2015-12-16T22:13:30","slug":"eileen-grench-logra-5-victorias-de-6-en-gran-prix-de-boston","status":"publish","type":"post","link":"https:\/\/sertv.gob.pa\/nacionalfm\/eileen-grench-logra-5-victorias-de-6-en-gran-prix-de-boston\/","title":{"rendered":"Eileen Grench logra 5 victorias de 6 en Gran Prix de Boston"},"content":{"rendered":"<p>\nLa esgrimista paname\u00f1a Eileen Grench obtuvo cinco victorias en el Grand Prix de Esgrima de Boston, en la modalidad de sable, para despu\u00e9s caer en la llave de 64. <\/p>\n<p>Grench compiti\u00f3 con sablistas de Estados Unidos, Italia, Jap\u00f3n y Brasil, el \u00faltimo enfrentamiento fue contra la esgrimista Besbez Assa de T\u00fanez con un conteo muy cerrado 15-12. <\/p>\n<p>La paname\u00f1a que entrena en los Estados Unidos es apoyada por el COP, y estuvo acompa\u00f1ada por su entrenador y por su fisioterapeuta y es reconocida entre las m\u00e1s duras competidoras. <\/p>\n<p>En el evento compitieron 156 esgrimistas, las mejores del planeta, Grench contin\u00faa en su empe\u00f1o por clasificar de forma directa a los Juegos Ol\u00edmpicos de Rio 2016. <\/p>\n<p>\u00a0 <\/p>\n","protected":false},"excerpt":{"rendered":"<p>La esgrimista paname\u00f1a Eileen Grench obtuvo cinco victorias en el <a href=\"https:\/\/sertv.gob.pa\/nacionalfm\/eileen-grench-logra-5-victorias-de-6-en-gran-prix-de-boston\/\"> [&#8230;]<\/a><\/p>\n","protected":false},"author":1,"featured_media":9432,"comment_status":"closed","ping_status":"closed","sticky":false,"template":"","format":"standard","meta":{"footnotes":""},"categories":[4],"tags":[],"class_list":["post-9431","post","type-post","status-publish","format-standard","has-post-thumbnail","hentry","category-deportes"],"_links":{"self":[{"href":"https:\/\/sertv.gob.pa\/nacionalfm\/wp-json\/wp\/v2\/posts\/9431","targetHints":{"allow":["GET"]}}],"collection":[{"href":"https:\/\/sertv.gob.pa\/nacionalfm\/wp-json\/wp\/v2\/posts"}],"about":[{"href":"https:\/\/sertv.gob.pa\/nacionalfm\/wp-json\/wp\/v2\/types\/post"}],"author":[{"embeddable":true,"href":"https:\/\/sertv.gob.pa\/nacionalfm\/wp-json\/wp\/v2\/users\/1"}],"replies":[{"embeddable":true,"href":"https:\/\/sertv.gob.pa\/nacionalfm\/wp-json\/wp\/v2\/comments?post=9431"}],"version-history":[{"count":0,"href":"https:\/\/sertv.gob.pa\/nacionalfm\/wp-json\/wp\/v2\/posts\/9431\/revisions"}],"wp:featuredmedia":[{"embeddable":true,"href":"https:\/\/sertv.gob.pa\/nacionalfm\/wp-json\/wp\/v2\/media\/9432"}],"wp:attachment":[{"href":"https:\/\/sertv.gob.pa\/nacionalfm\/wp-json\/wp\/v2\/media?parent=9431"}],"wp:term":[{"taxonomy":"category","embeddable":true,"href":"https:\/\/sertv.gob.pa\/nacionalfm\/wp-json\/wp\/v2\/categories?post=9431"},{"taxonomy":"post_tag","embeddable":true,"href":"https:\/\/sertv.gob.pa\/nacionalfm\/wp-json\/wp\/v2\/tags?post=9431"}],"curies":[{"name":"wp","href":"https:\/\/api.w.org\/{rel}","templated":true}]}}