{"id":9439,"date":"2015-12-17T15:08:12","date_gmt":"2015-12-17T15:08:12","guid":{"rendered":""},"modified":"2015-12-17T15:08:12","modified_gmt":"2015-12-17T15:08:12","slug":"aun-con-una-derrota-nica-retiene-titulo-interino-de-la-amb","status":"publish","type":"post","link":"https:\/\/sertv.gob.pa\/nacionalfm\/aun-con-una-derrota-nica-retiene-titulo-interino-de-la-amb\/","title":{"rendered":"A\u00fan con una derrota \u201cNica\u201d retiene t\u00edtulo interino de la AMB"},"content":{"rendered":"<p>\nSeg\u00fan reglamentaci\u00f3n de la Asociaci\u00f3n Mundial de Boxeo Luis &ldquo;El Nica&rdquo; Concepci\u00f3n retendr\u00e1 su t\u00edtulo esta noche ante el mexicano Hern\u00e1n &ldquo;Tyson&rdquo; M\u00e1rquez, al no cumplir este con las 115 libras de los supermoscas. <\/p>\n<p>La pelea en disputa del t\u00edtulo supermoscas de la AMB no podr\u00e1 ser v\u00e1lido como tal para el retador &ldquo;Tyson&rdquo; M\u00e1rquez quien no cumpli\u00f3 con el peso establecido en la categor\u00eda al subir a la b\u00e1scula con 116 libras. <\/p>\n<p>El combate ser\u00e1 con la categor\u00eda de titular, pero de perder &ldquo;El Nica&rdquo; Concepci\u00f3n continuar\u00e1 siendo el campe\u00f3n. <\/p>\n<p>&ldquo;El Nica&rdquo; en su primer intento par\u00f3 el fiel de la aguja en 116 libras 1\/4, pero en el tiempo reglamentario de dos horas regres\u00f3 en 115 exactas, mientras &ldquo;El Tyson&rdquo; M\u00e1rquez subi\u00f3 en 118 \u00bc , y regres\u00f3 en 116 libras exactas. <\/p>\n<p>\u00a0 <\/p>\n","protected":false},"excerpt":{"rendered":"<p>Seg\u00fan reglamentaci\u00f3n de la Asociaci\u00f3n Mundial de Boxeo Luis &ldquo;El <a href=\"https:\/\/sertv.gob.pa\/nacionalfm\/aun-con-una-derrota-nica-retiene-titulo-interino-de-la-amb\/\"> [&#8230;]<\/a><\/p>\n","protected":false},"author":1,"featured_media":9440,"comment_status":"closed","ping_status":"closed","sticky":false,"template":"","format":"standard","meta":{"footnotes":""},"categories":[4],"tags":[],"class_list":["post-9439","post","type-post","status-publish","format-standard","has-post-thumbnail","hentry","category-deportes"],"_links":{"self":[{"href":"https:\/\/sertv.gob.pa\/nacionalfm\/wp-json\/wp\/v2\/posts\/9439","targetHints":{"allow":["GET"]}}],"collection":[{"href":"https:\/\/sertv.gob.pa\/nacionalfm\/wp-json\/wp\/v2\/posts"}],"about":[{"href":"https:\/\/sertv.gob.pa\/nacionalfm\/wp-json\/wp\/v2\/types\/post"}],"author":[{"embeddable":true,"href":"https:\/\/sertv.gob.pa\/nacionalfm\/wp-json\/wp\/v2\/users\/1"}],"replies":[{"embeddable":true,"href":"https:\/\/sertv.gob.pa\/nacionalfm\/wp-json\/wp\/v2\/comments?post=9439"}],"version-history":[{"count":0,"href":"https:\/\/sertv.gob.pa\/nacionalfm\/wp-json\/wp\/v2\/posts\/9439\/revisions"}],"wp:featuredmedia":[{"embeddable":true,"href":"https:\/\/sertv.gob.pa\/nacionalfm\/wp-json\/wp\/v2\/media\/9440"}],"wp:attachment":[{"href":"https:\/\/sertv.gob.pa\/nacionalfm\/wp-json\/wp\/v2\/media?parent=9439"}],"wp:term":[{"taxonomy":"category","embeddable":true,"href":"https:\/\/sertv.gob.pa\/nacionalfm\/wp-json\/wp\/v2\/categories?post=9439"},{"taxonomy":"post_tag","embeddable":true,"href":"https:\/\/sertv.gob.pa\/nacionalfm\/wp-json\/wp\/v2\/tags?post=9439"}],"curies":[{"name":"wp","href":"https:\/\/api.w.org\/{rel}","templated":true}]}}