{"id":9457,"date":"2015-12-17T18:34:10","date_gmt":"2015-12-17T18:34:10","guid":{"rendered":""},"modified":"2015-12-17T18:34:10","modified_gmt":"2015-12-17T18:34:10","slug":"campana-no-mas-ninos-quemados-por-juegos-pirotecnicos","status":"publish","type":"post","link":"https:\/\/sertv.gob.pa\/nacionalfm\/campana-no-mas-ninos-quemados-por-juegos-pirotecnicos\/","title":{"rendered":"Campa\u00f1a \u201cNo m\u00e1s ni\u00f1os quemados por juegos pirot\u00e9cnicos\u201d"},"content":{"rendered":"<p>\nHoy el Ministerio de Salud comenz\u00f3 una campa\u00f1a sobre concienciaci\u00f3n bajo el t\u00edtulo \u00abNo m\u00e1s ni\u00f1os quemados por art\u00edculos pirot\u00e9cnicos\u00bb. <\/p>\n<p>Aurelio Rangel, director metropolitano de Salud, advirti\u00f3 que estos art\u00edculos pirot\u00e9cnicos no deben ser vendidos ni manipulados por los menores de edad. <\/p>\n<p>Inst\u00f3 a los padres de familia a estar vigilantes y evitar de esta manera que sus hijos sufran graves quemaduras por el uso de bombitas, fuegos artificiales, silbadores y otros. <\/p>\n<p>El m\u00e9dico igualmente se\u00f1al\u00f3 que esta campa\u00f1a busca prevenir accidentes hogare\u00f1os por manipulaci\u00f3n de esta clase de art\u00edculos. <\/p>\n<p>\u00a0 <\/p>\n","protected":false},"excerpt":{"rendered":"<p>Hoy el Ministerio de Salud comenz\u00f3 una campa\u00f1a sobre concienciaci\u00f3n <a href=\"https:\/\/sertv.gob.pa\/nacionalfm\/campana-no-mas-ninos-quemados-por-juegos-pirotecnicos\/\"> [&#8230;]<\/a><\/p>\n","protected":false},"author":1,"featured_media":9458,"comment_status":"closed","ping_status":"closed","sticky":false,"template":"","format":"standard","meta":{"footnotes":""},"categories":[5],"tags":[],"class_list":["post-9457","post","type-post","status-publish","format-standard","has-post-thumbnail","hentry","category-salud"],"_links":{"self":[{"href":"https:\/\/sertv.gob.pa\/nacionalfm\/wp-json\/wp\/v2\/posts\/9457","targetHints":{"allow":["GET"]}}],"collection":[{"href":"https:\/\/sertv.gob.pa\/nacionalfm\/wp-json\/wp\/v2\/posts"}],"about":[{"href":"https:\/\/sertv.gob.pa\/nacionalfm\/wp-json\/wp\/v2\/types\/post"}],"author":[{"embeddable":true,"href":"https:\/\/sertv.gob.pa\/nacionalfm\/wp-json\/wp\/v2\/users\/1"}],"replies":[{"embeddable":true,"href":"https:\/\/sertv.gob.pa\/nacionalfm\/wp-json\/wp\/v2\/comments?post=9457"}],"version-history":[{"count":0,"href":"https:\/\/sertv.gob.pa\/nacionalfm\/wp-json\/wp\/v2\/posts\/9457\/revisions"}],"wp:featuredmedia":[{"embeddable":true,"href":"https:\/\/sertv.gob.pa\/nacionalfm\/wp-json\/wp\/v2\/media\/9458"}],"wp:attachment":[{"href":"https:\/\/sertv.gob.pa\/nacionalfm\/wp-json\/wp\/v2\/media?parent=9457"}],"wp:term":[{"taxonomy":"category","embeddable":true,"href":"https:\/\/sertv.gob.pa\/nacionalfm\/wp-json\/wp\/v2\/categories?post=9457"},{"taxonomy":"post_tag","embeddable":true,"href":"https:\/\/sertv.gob.pa\/nacionalfm\/wp-json\/wp\/v2\/tags?post=9457"}],"curies":[{"name":"wp","href":"https:\/\/api.w.org\/{rel}","templated":true}]}}