{"id":9465,"date":"2015-12-18T16:07:55","date_gmt":"2015-12-18T16:07:55","guid":{"rendered":""},"modified":"2015-12-18T16:07:55","modified_gmt":"2015-12-18T16:07:55","slug":"cien-millones-de-ancianos-con-discapacidad-en-35-anos-tendra-china","status":"publish","type":"post","link":"https:\/\/sertv.gob.pa\/nacionalfm\/cien-millones-de-ancianos-con-discapacidad-en-35-anos-tendra-china\/","title":{"rendered":"Cien millones de ancianos con discapacidad, en 35 a\u00f1os, tendr\u00e1 China"},"content":{"rendered":"<p>\nEl n\u00famero de ancianos con discapacidades o demencia en  China \u00a0llegar\u00e1 a 100 millones para mediados del siglo cuando la poblaci\u00f3n anciana del pa\u00eds alcanzar\u00e1 su punto m\u00e1ximo, se se\u00f1al\u00f3 en un seminario internacional sobre atenci\u00f3n de largo plazo para los ancianos que se realiz\u00f3 el mi\u00e9rcoles. <\/p>\n<p>Con la cifra actual acerc\u00e1ndose a 40 millones, cuidar de estos ancianos se ha convertido en una de las tareas m\u00e1s complicadas para el sistema de salud de China, se indic\u00f3 en el seminario. <\/p>\n<p>Los expertos presentes en el seminario se\u00f1alaron que un sistema de atenci\u00f3n de largo plazo puede ofrecer a los ancianos discapacitados un servicio completo, pero ese servicio a\u00fan tiene mucho camino por recorrer en China. <\/p>\n<p>\u00abLas regiones m\u00e1s desarrolladas deben ser alentadas a asumir el liderazgo en el establecimiento de sistemas de salud de largo plazo\u00bb, declar\u00f3 Wang Jianjun, un funcionario de una oficina nacional sobre envejecimiento. <\/p>\n<p>El n\u00famero de personas de m\u00e1s de 65 a\u00f1os en China lleg\u00f3 a 137 millones a fines de 2014, lo que represent\u00f3 el 10.1%\u00a0por ciento de la poblaci\u00f3n del pa\u00eds, de acuerdo con datos del Bur\u00f3 Nacional de Estad\u00edsticas. <\/p>\n<p>\u00a0 <\/p>\n<p>\u00a0 <\/p>\n","protected":false},"excerpt":{"rendered":"<p>El n\u00famero de ancianos con discapacidades o demencia en China <a href=\"https:\/\/sertv.gob.pa\/nacionalfm\/cien-millones-de-ancianos-con-discapacidad-en-35-anos-tendra-china\/\"> [&#8230;]<\/a><\/p>\n","protected":false},"author":1,"featured_media":9466,"comment_status":"closed","ping_status":"closed","sticky":false,"template":"","format":"standard","meta":{"footnotes":""},"categories":[5],"tags":[],"class_list":["post-9465","post","type-post","status-publish","format-standard","has-post-thumbnail","hentry","category-salud"],"_links":{"self":[{"href":"https:\/\/sertv.gob.pa\/nacionalfm\/wp-json\/wp\/v2\/posts\/9465","targetHints":{"allow":["GET"]}}],"collection":[{"href":"https:\/\/sertv.gob.pa\/nacionalfm\/wp-json\/wp\/v2\/posts"}],"about":[{"href":"https:\/\/sertv.gob.pa\/nacionalfm\/wp-json\/wp\/v2\/types\/post"}],"author":[{"embeddable":true,"href":"https:\/\/sertv.gob.pa\/nacionalfm\/wp-json\/wp\/v2\/users\/1"}],"replies":[{"embeddable":true,"href":"https:\/\/sertv.gob.pa\/nacionalfm\/wp-json\/wp\/v2\/comments?post=9465"}],"version-history":[{"count":0,"href":"https:\/\/sertv.gob.pa\/nacionalfm\/wp-json\/wp\/v2\/posts\/9465\/revisions"}],"wp:featuredmedia":[{"embeddable":true,"href":"https:\/\/sertv.gob.pa\/nacionalfm\/wp-json\/wp\/v2\/media\/9466"}],"wp:attachment":[{"href":"https:\/\/sertv.gob.pa\/nacionalfm\/wp-json\/wp\/v2\/media?parent=9465"}],"wp:term":[{"taxonomy":"category","embeddable":true,"href":"https:\/\/sertv.gob.pa\/nacionalfm\/wp-json\/wp\/v2\/categories?post=9465"},{"taxonomy":"post_tag","embeddable":true,"href":"https:\/\/sertv.gob.pa\/nacionalfm\/wp-json\/wp\/v2\/tags?post=9465"}],"curies":[{"name":"wp","href":"https:\/\/api.w.org\/{rel}","templated":true}]}}