{"id":9473,"date":"2015-12-18T17:57:51","date_gmt":"2015-12-18T17:57:51","guid":{"rendered":""},"modified":"2015-12-18T17:57:51","modified_gmt":"2015-12-18T17:57:51","slug":"nica-concepcion-vence-por-decision-unanime-a-tyson-marquez","status":"publish","type":"post","link":"https:\/\/sertv.gob.pa\/nacionalfm\/nica-concepcion-vence-por-decision-unanime-a-tyson-marquez\/","title":{"rendered":"\u201cNica\u201d Concepci\u00f3n vence por decisi\u00f3n un\u00e1nime a \u201cTyson\u201d M\u00e1rquez"},"content":{"rendered":"<p>\nLuis &ldquo;El Nica&rdquo; Concepci\u00f3n se venga de su eterno rival Hern\u00e1n &ldquo;El Tyson&rdquo; M\u00e1rquez al vencerlo por decisi\u00f3n\u00a0 un\u00e1nime de los jueces, y logr\u00f3 derribarlo en el quinto asalto, en la pelea estelar del programa K.O. a las Drogas que se efectu\u00f3 en la arena Roberto Dur\u00e1n. <\/p>\n<p>A destacar que el p\u00fagil mexicano quien hab\u00eda vencido en dos ocasiones al paname\u00f1o por la v\u00eda r\u00e1pida se mantuvo los doce asaltos intentando inclinar la balanza a su favor, pero se encontr\u00f3 a un &ldquo;Nica&rdquo; que con una t\u00e1ctica de entrar y salir supo dominar el encuentro sin arriesgar como lo ha hecho en otras oportunidades. <\/p>\n<p>Ahora la vista de Luis &ldquo;El Nica&rdquo; Concepci\u00f3n est\u00e1 dirigida a Jap\u00f3n para enfrentar al campe\u00f3n en propiedad el nip\u00f3n Kohei Kono. <\/p>\n","protected":false},"excerpt":{"rendered":"<p>Luis &ldquo;El Nica&rdquo; Concepci\u00f3n se venga de su eterno rival <a href=\"https:\/\/sertv.gob.pa\/nacionalfm\/nica-concepcion-vence-por-decision-unanime-a-tyson-marquez\/\"> [&#8230;]<\/a><\/p>\n","protected":false},"author":1,"featured_media":9474,"comment_status":"closed","ping_status":"closed","sticky":false,"template":"","format":"standard","meta":{"footnotes":""},"categories":[4],"tags":[],"class_list":["post-9473","post","type-post","status-publish","format-standard","has-post-thumbnail","hentry","category-deportes"],"_links":{"self":[{"href":"https:\/\/sertv.gob.pa\/nacionalfm\/wp-json\/wp\/v2\/posts\/9473","targetHints":{"allow":["GET"]}}],"collection":[{"href":"https:\/\/sertv.gob.pa\/nacionalfm\/wp-json\/wp\/v2\/posts"}],"about":[{"href":"https:\/\/sertv.gob.pa\/nacionalfm\/wp-json\/wp\/v2\/types\/post"}],"author":[{"embeddable":true,"href":"https:\/\/sertv.gob.pa\/nacionalfm\/wp-json\/wp\/v2\/users\/1"}],"replies":[{"embeddable":true,"href":"https:\/\/sertv.gob.pa\/nacionalfm\/wp-json\/wp\/v2\/comments?post=9473"}],"version-history":[{"count":0,"href":"https:\/\/sertv.gob.pa\/nacionalfm\/wp-json\/wp\/v2\/posts\/9473\/revisions"}],"wp:featuredmedia":[{"embeddable":true,"href":"https:\/\/sertv.gob.pa\/nacionalfm\/wp-json\/wp\/v2\/media\/9474"}],"wp:attachment":[{"href":"https:\/\/sertv.gob.pa\/nacionalfm\/wp-json\/wp\/v2\/media?parent=9473"}],"wp:term":[{"taxonomy":"category","embeddable":true,"href":"https:\/\/sertv.gob.pa\/nacionalfm\/wp-json\/wp\/v2\/categories?post=9473"},{"taxonomy":"post_tag","embeddable":true,"href":"https:\/\/sertv.gob.pa\/nacionalfm\/wp-json\/wp\/v2\/tags?post=9473"}],"curies":[{"name":"wp","href":"https:\/\/api.w.org\/{rel}","templated":true}]}}