{"id":9479,"date":"2015-12-18T18:34:02","date_gmt":"2015-12-18T18:34:02","guid":{"rendered":""},"modified":"2015-12-18T18:34:02","modified_gmt":"2015-12-18T18:34:02","slug":"13-ninos-hospitalizados-ya-por-quemaduras","status":"publish","type":"post","link":"https:\/\/sertv.gob.pa\/nacionalfm\/13-ninos-hospitalizados-ya-por-quemaduras\/","title":{"rendered":"13 ni\u00f1os hospitalizados ya por quemaduras"},"content":{"rendered":"<p>\nHan transcurrido apenas 18 d\u00edas del mes y ya en el Hospital del Ni\u00f1o se reportan 13 ni\u00f1os hospitalizados por quemaduras. <\/p>\n<p>Al a\u00f1o, el hospital est\u00e1 realizando una inversi\u00f3n de 1.5 millones de d\u00f3lares para atender a estos pacientes. <\/p>\n<p>Paul Gallardo, director m\u00e9dico de la instituci\u00f3n, coment\u00f3 que atender estos casos requiere de tecnolog\u00eda y muchas terapias para lograr la rehabilitaci\u00f3n de los afectados. <\/p>\n<p>Para estas fechas, suele reportarse un aumento de entre 35 y 40 casos, debido a que para estas fechas muchos menores de edad manipulan juegos pirot\u00e9cnicos. <\/p>\n<p>Por lo general, en los meses anteriores a diciembre, la cifra oscila entre 20 y 25 pacientes atendidos en el hospital, donde la principal causa es por accidentes caseros. <\/p>\n<p>Con miras a generar conciencia en la poblaci\u00f3n, el Ministerio de Salud inici\u00f3 la campa\u00f1a de concienciaci\u00f3n \u00abNo m\u00e1s ni\u00f1os quemados por art\u00edculos pirot\u00e9cnicos\u00bb, con la que igualmente solicitan a los padres de familia que no permitan que sus hijos jueguen con esta clase de artefactos. <\/p>\n<p>\u00a0 <\/p>\n","protected":false},"excerpt":{"rendered":"<p>Han transcurrido apenas 18 d\u00edas del mes y ya en <a href=\"https:\/\/sertv.gob.pa\/nacionalfm\/13-ninos-hospitalizados-ya-por-quemaduras\/\"> [&#8230;]<\/a><\/p>\n","protected":false},"author":1,"featured_media":9480,"comment_status":"closed","ping_status":"closed","sticky":false,"template":"","format":"standard","meta":{"footnotes":""},"categories":[5],"tags":[],"class_list":["post-9479","post","type-post","status-publish","format-standard","has-post-thumbnail","hentry","category-salud"],"_links":{"self":[{"href":"https:\/\/sertv.gob.pa\/nacionalfm\/wp-json\/wp\/v2\/posts\/9479","targetHints":{"allow":["GET"]}}],"collection":[{"href":"https:\/\/sertv.gob.pa\/nacionalfm\/wp-json\/wp\/v2\/posts"}],"about":[{"href":"https:\/\/sertv.gob.pa\/nacionalfm\/wp-json\/wp\/v2\/types\/post"}],"author":[{"embeddable":true,"href":"https:\/\/sertv.gob.pa\/nacionalfm\/wp-json\/wp\/v2\/users\/1"}],"replies":[{"embeddable":true,"href":"https:\/\/sertv.gob.pa\/nacionalfm\/wp-json\/wp\/v2\/comments?post=9479"}],"version-history":[{"count":0,"href":"https:\/\/sertv.gob.pa\/nacionalfm\/wp-json\/wp\/v2\/posts\/9479\/revisions"}],"wp:featuredmedia":[{"embeddable":true,"href":"https:\/\/sertv.gob.pa\/nacionalfm\/wp-json\/wp\/v2\/media\/9480"}],"wp:attachment":[{"href":"https:\/\/sertv.gob.pa\/nacionalfm\/wp-json\/wp\/v2\/media?parent=9479"}],"wp:term":[{"taxonomy":"category","embeddable":true,"href":"https:\/\/sertv.gob.pa\/nacionalfm\/wp-json\/wp\/v2\/categories?post=9479"},{"taxonomy":"post_tag","embeddable":true,"href":"https:\/\/sertv.gob.pa\/nacionalfm\/wp-json\/wp\/v2\/tags?post=9479"}],"curies":[{"name":"wp","href":"https:\/\/api.w.org\/{rel}","templated":true}]}}