{"id":9481,"date":"2015-12-18T20:56:00","date_gmt":"2015-12-18T20:56:00","guid":{"rendered":""},"modified":"2015-12-18T20:56:00","modified_gmt":"2015-12-18T20:56:00","slug":"todo-listo-para-final-de-la-lpb-en-el-roberto-duran-manana","status":"publish","type":"post","link":"https:\/\/sertv.gob.pa\/nacionalfm\/todo-listo-para-final-de-la-lpb-en-el-roberto-duran-manana\/","title":{"rendered":"Todo listo para final de la LPB en el Roberto Dur\u00e1n ma\u00f1ana"},"content":{"rendered":"<p>\nTodo est\u00e1 listo para la gran final de la Liga Profesional de Baloncesto entre los Correcaminos de Col\u00f3n y los toros de Chiriqu\u00ed, ma\u00f1ana en la arena Roberto Dur\u00e1n, a partir de las 8:00 de la noche. <\/p>\n<p>El presidente de la junta directiva de la LPB, Adolfo Valderrama, asegur\u00f3 que la liga le garantizar\u00e1 a los aficionados seguridad, estacionamientos, comodidad, venta de comidas y refrescos, diversi\u00f3n con Jay Jay, la mascota oficial de la Federaci\u00f3n Internacional de Baloncesto (FIBA) y un &ldquo;Show&rdquo; de artistas. <\/p>\n<p>Valderrama explic\u00f3 que para el juego final se acondicionar\u00e1 un VIP que costar\u00e1 15 d\u00f3lares por persona, en el \u00e1rea de butacas el precio ser\u00e1 de 5 d\u00f3lares y la entrada general estar\u00e1 a 3 d\u00f3lares. Para este choque los ni\u00f1os menores de 12 a\u00f1os y jubilados entrar\u00e1n completamente gratis. <\/p>\n<p>\u00a0 <\/p>\n","protected":false},"excerpt":{"rendered":"<p>Todo est\u00e1 listo para la gran final de la Liga <a href=\"https:\/\/sertv.gob.pa\/nacionalfm\/todo-listo-para-final-de-la-lpb-en-el-roberto-duran-manana\/\"> [&#8230;]<\/a><\/p>\n","protected":false},"author":1,"featured_media":9482,"comment_status":"closed","ping_status":"closed","sticky":false,"template":"","format":"standard","meta":{"footnotes":""},"categories":[4],"tags":[],"class_list":["post-9481","post","type-post","status-publish","format-standard","has-post-thumbnail","hentry","category-deportes"],"_links":{"self":[{"href":"https:\/\/sertv.gob.pa\/nacionalfm\/wp-json\/wp\/v2\/posts\/9481","targetHints":{"allow":["GET"]}}],"collection":[{"href":"https:\/\/sertv.gob.pa\/nacionalfm\/wp-json\/wp\/v2\/posts"}],"about":[{"href":"https:\/\/sertv.gob.pa\/nacionalfm\/wp-json\/wp\/v2\/types\/post"}],"author":[{"embeddable":true,"href":"https:\/\/sertv.gob.pa\/nacionalfm\/wp-json\/wp\/v2\/users\/1"}],"replies":[{"embeddable":true,"href":"https:\/\/sertv.gob.pa\/nacionalfm\/wp-json\/wp\/v2\/comments?post=9481"}],"version-history":[{"count":0,"href":"https:\/\/sertv.gob.pa\/nacionalfm\/wp-json\/wp\/v2\/posts\/9481\/revisions"}],"wp:featuredmedia":[{"embeddable":true,"href":"https:\/\/sertv.gob.pa\/nacionalfm\/wp-json\/wp\/v2\/media\/9482"}],"wp:attachment":[{"href":"https:\/\/sertv.gob.pa\/nacionalfm\/wp-json\/wp\/v2\/media?parent=9481"}],"wp:term":[{"taxonomy":"category","embeddable":true,"href":"https:\/\/sertv.gob.pa\/nacionalfm\/wp-json\/wp\/v2\/categories?post=9481"},{"taxonomy":"post_tag","embeddable":true,"href":"https:\/\/sertv.gob.pa\/nacionalfm\/wp-json\/wp\/v2\/tags?post=9481"}],"curies":[{"name":"wp","href":"https:\/\/api.w.org\/{rel}","templated":true}]}}