{"id":9485,"date":"2015-12-18T22:27:49","date_gmt":"2015-12-18T22:27:49","guid":{"rendered":""},"modified":"2015-12-18T22:27:49","modified_gmt":"2015-12-18T22:27:49","slug":"panama-sede-de-grupo-de-liga-de-las-americas-de-baloncesto","status":"publish","type":"post","link":"https:\/\/sertv.gob.pa\/nacionalfm\/panama-sede-de-grupo-de-liga-de-las-americas-de-baloncesto\/","title":{"rendered":"Panam\u00e1 sede de grupo de Liga de las Am\u00e9ricas de baloncesto"},"content":{"rendered":"<p>\nEl presidente de la Liga Profesional de Baloncesto de Panam\u00e1 Adolfo Valderrama dio a conocer en conferencia de prensa que Panam\u00e1 ser\u00e1 sede del grupo en el cual se ubique en la Liga de las Am\u00e9ricas, torneo en el que juegan los quintetos campeones y subcampeones de las ligas m\u00e1s importantes de todo el continente. <\/p>\n<p>El ganador del partido entre Correcaminos y Toros representar\u00e1 a Panam\u00e1 en la Liga de las Am\u00e9ricas, que arrancar\u00e1 a mediados de enero del 2016. <\/p>\n<p>&ldquo;FIBA ya asegur\u00f3 que Panam\u00e1 jugar\u00e1 en la primera ronda en casa y eso nos llena de orgullo, ya que internacionalmente est\u00e1n reconociendo la gran organizaci\u00f3n de la LPB en su primera temporada&rdquo;, finaliz\u00f3 Valderrama. <\/p>\n<p>\u00a0 <\/p>\n","protected":false},"excerpt":{"rendered":"<p>El presidente de la Liga Profesional de Baloncesto de Panam\u00e1 <a href=\"https:\/\/sertv.gob.pa\/nacionalfm\/panama-sede-de-grupo-de-liga-de-las-americas-de-baloncesto\/\"> [&#8230;]<\/a><\/p>\n","protected":false},"author":1,"featured_media":9486,"comment_status":"closed","ping_status":"closed","sticky":false,"template":"","format":"standard","meta":{"footnotes":""},"categories":[4],"tags":[],"class_list":["post-9485","post","type-post","status-publish","format-standard","has-post-thumbnail","hentry","category-deportes"],"_links":{"self":[{"href":"https:\/\/sertv.gob.pa\/nacionalfm\/wp-json\/wp\/v2\/posts\/9485","targetHints":{"allow":["GET"]}}],"collection":[{"href":"https:\/\/sertv.gob.pa\/nacionalfm\/wp-json\/wp\/v2\/posts"}],"about":[{"href":"https:\/\/sertv.gob.pa\/nacionalfm\/wp-json\/wp\/v2\/types\/post"}],"author":[{"embeddable":true,"href":"https:\/\/sertv.gob.pa\/nacionalfm\/wp-json\/wp\/v2\/users\/1"}],"replies":[{"embeddable":true,"href":"https:\/\/sertv.gob.pa\/nacionalfm\/wp-json\/wp\/v2\/comments?post=9485"}],"version-history":[{"count":0,"href":"https:\/\/sertv.gob.pa\/nacionalfm\/wp-json\/wp\/v2\/posts\/9485\/revisions"}],"wp:featuredmedia":[{"embeddable":true,"href":"https:\/\/sertv.gob.pa\/nacionalfm\/wp-json\/wp\/v2\/media\/9486"}],"wp:attachment":[{"href":"https:\/\/sertv.gob.pa\/nacionalfm\/wp-json\/wp\/v2\/media?parent=9485"}],"wp:term":[{"taxonomy":"category","embeddable":true,"href":"https:\/\/sertv.gob.pa\/nacionalfm\/wp-json\/wp\/v2\/categories?post=9485"},{"taxonomy":"post_tag","embeddable":true,"href":"https:\/\/sertv.gob.pa\/nacionalfm\/wp-json\/wp\/v2\/tags?post=9485"}],"curies":[{"name":"wp","href":"https:\/\/api.w.org\/{rel}","templated":true}]}}