{"id":95005,"date":"2024-04-09T12:53:49","date_gmt":"2024-04-09T17:53:49","guid":{"rendered":"https:\/\/sertv.gob.pa\/nacionalfm\/?p=95005"},"modified":"2024-04-09T12:53:49","modified_gmt":"2024-04-09T17:53:49","slug":"el-eclipse-solar-lleva-oscuridad-total-a-norteamerica","status":"publish","type":"post","link":"https:\/\/sertv.gob.pa\/nacionalfm\/el-eclipse-solar-lleva-oscuridad-total-a-norteamerica\/","title":{"rendered":"El eclipse solar lleva oscuridad total a Norteam\u00e9rica"},"content":{"rendered":"<div class=\"fusion-fullwidth fullwidth-box fusion-builder-row-1 fusion-flex-container has-pattern-background has-mask-background nonhundred-percent-fullwidth non-hundred-percent-height-scrolling\" style=\"--awb-border-radius-top-left:0px;--awb-border-radius-top-right:0px;--awb-border-radius-bottom-right:0px;--awb-border-radius-bottom-left:0px;--awb-flex-wrap:wrap;\" ><div class=\"fusion-builder-row fusion-row fusion-flex-align-items-flex-start fusion-flex-content-wrap\" style=\"max-width:1144px;margin-left: calc(-4% \/ 2 );margin-right: calc(-4% \/ 2 );\"><div class=\"fusion-layout-column fusion_builder_column fusion-builder-column-0 fusion_builder_column_1_1 1_1 fusion-flex-column\" style=\"--awb-bg-size:cover;--awb-width-large:100%;--awb-margin-top-large:0px;--awb-spacing-right-large:1.92%;--awb-margin-bottom-large:20px;--awb-spacing-left-large:1.92%;--awb-width-medium:100%;--awb-order-medium:0;--awb-spacing-right-medium:1.92%;--awb-spacing-left-medium:1.92%;--awb-width-small:100%;--awb-order-small:0;--awb-spacing-right-small:1.92%;--awb-spacing-left-small:1.92%;\"><div class=\"fusion-column-wrapper fusion-column-has-shadow fusion-flex-justify-content-flex-start fusion-content-layout-column\"><div class=\"fusion-text fusion-text-1\"><p><strong><em>Washington\/Ni\u00e1gara\/Ciudad de M\u00e9xico (EFE).-<\/em><\/strong><em> Millones de personas en EE.UU., M\u00e9xico y Canad\u00e1 recibieron este lunes con emoci\u00f3n la oscuridad total gracias al eclipse solar que atraves\u00f3 Norteam\u00e9rica desde Mazatl\u00e1n hasta la isla de Terranova, dejando en cada lugar llamativas postales.<\/em><\/p>\n<p><strong>Una oportunidad hist\u00f3rica para M\u00e9xico<\/strong><\/p>\n<p><em>En el norte de M\u00e9xico, considerado el mejor pa\u00eds para observarlo seg\u00fan la Universidad Nacional Aut\u00f3noma de M\u00e9xico (UNAM), el espect\u00e1culo astron\u00f3mico se apreci\u00f3 al 100 %.<\/em><\/p>\n<p><em>\u201cHoy este eclipse es realmente hist\u00f3rico para nuestro pa\u00eds. Claro, el fen\u00f3meno que vamos a ver hoy es un eclipse total de Sol, eso quiere decir que la Luna se encuentra entre la \u00f3rbita de la Tierra y el Sol\u201d, explic\u00f3 a EFE Aldo Rodr\u00edguez Puebla, investigador del Instituto de Astronom\u00eda de la UNAM.<\/em><\/p>\n<p><em>El eclipse, que oscureci\u00f3 por completo una franja norte del pa\u00eds, desde el estado de Sinaloa hasta el Coahuila, fue un fen\u00f3meno que caus\u00f3 altas expectativas en la poblaci\u00f3n.<\/em><\/p>\n<p><em>Aunque en la Ciudad de M\u00e9xico solo se observ\u00f3 de forma parcial, donde el Sol se ocult\u00f3 en un 79 % durante casi 4 minutos y medio, los capitalinos se reunieron en distintos puntos a apreciarlo.<\/em><\/p>\n<p><em>Uno de ellos fue Ciudad Universitaria, donde m\u00e1s de 7.000 personas, seg\u00fan las autoridades, se aglomeraron desde poco antes de las 10:00 (16:00 GMT) para tomar un lugar y apreciar el eclipse, que no ocurr\u00eda en M\u00e9xico desde julio de 1991.<\/em><\/p>\n<p><em>\u201cTuve la oportunidad de estar en el (eclipse del) 91 y la verdad fue una experiencia incre\u00edble porque todo se oscureci\u00f3 (\u2026). Cuando lo vi fue junto al Nevado de Toluca (monta\u00f1a), otra cuesti\u00f3n, pero ahorita quise venir a ver, a estar aqu\u00ed con el contacto con los estudiantes\u201d, se\u00f1al\u00f3 Laura Garc\u00eda, quien acudi\u00f3 a este punto a apreciar el fen\u00f3meno.<\/em><\/p>\n<p><strong><em>El eclipse emociona en la frontera<\/em><\/strong><\/p>\n<p><em>La localidad de Eagle Pass (EE.UU.), en la frontera con M\u00e9xico, vivi\u00f3 la experiencia durante un lapso de casi cinco minutos y desde all\u00ed comenz\u00f3 su recorrido por quince estados del pa\u00eds.<\/em><\/p>\n<p><em>\u201cMi piel se puso chinita (de gallina) al ver que se puso oscuro y se encendieron las luces, no lo pod\u00eda creer\u201d, dijo una mujer.<\/em><\/p>\n<p><em>\u201cFue una experiencia incre\u00edble, que es mejor vivirla sin tecnolog\u00eda, fue algo maravilloso\u201d, agreg\u00f3.<\/em><\/p>\n<p><em>Sin embargo el viento ayud\u00f3 y el espect\u00e1culo, apodado el Gran Eclipse Americano, no decepcion\u00f3.<\/em><\/p>\n<p><em>Esta ciudad fronteriza, conocida m\u00e1s por la disputa de los gobiernos federal y estatal por el tema migratorio, olvid\u00f3 hoy por algunos minutos esa crisis hist\u00f3rica hacia las 13:30 hora local (18:30 GMT) cuando se viv\u00eda la total oscuridad del eclipse.<\/em><\/p>\n<p><em>El d\u00eda amaneci\u00f3 nublado y de acuerdo con el servicio meteorol\u00f3gico hab\u00eda probabilidades de lluvia, lo que provoc\u00f3 cierto des\u00e1nimo en los miles de ciudadanos de Eagle Pass y el condado de Maverick, incluyendo a visitantes.<\/em><\/p>\n<p><em>A pesar de ello, se registraron vientos, lo que favoreci\u00f3 que se observara durante lapsos de tiempo el fen\u00f3meno natural.<\/em><\/p>\n<p><em>\u00a0<\/em><\/p>\n<\/div><div class=\"awb-gallery-wrapper awb-gallery-wrapper-1 button-span-no\" style=\"--more-btn-alignment:center;\"><div style=\"margin:-5px;--awb-bordersize:0px;\" class=\"fusion-gallery fusion-gallery-container fusion-grid-3 fusion-columns-total-1 fusion-gallery-layout-grid fusion-gallery-1\"><div style=\"padding:5px;\" class=\"fusion-grid-column fusion-gallery-column fusion-gallery-column-3 hover-type-none\"><div class=\"fusion-gallery-image\"><a href=\"https:\/\/sertv.gob.pa\/nacionalfm\/wp-content\/uploads\/sites\/6\/2024\/04\/ECLIPSE-AYER.jpg\" rel=\"noreferrer\" data-rel=\"iLightbox[gallery_image_1]\" class=\"fusion-lightbox\" target=\"_self\"><img decoding=\"async\" src=\"https:\/\/sertv.gob.pa\/nacionalfm\/wp-content\/uploads\/sites\/6\/2024\/04\/ECLIPSE-AYER.jpg\" width=\"768\" height=\"512\" alt=\"\" title=\"ECLIPSE AYER\" aria-label=\"ECLIPSE AYER\" class=\"img-responsive wp-image-95007\" srcset=\"https:\/\/sertv.gob.pa\/nacionalfm\/wp-content\/uploads\/sites\/6\/2024\/04\/ECLIPSE-AYER-200x133.jpg 200w, https:\/\/sertv.gob.pa\/nacionalfm\/wp-content\/uploads\/sites\/6\/2024\/04\/ECLIPSE-AYER-400x267.jpg 400w, https:\/\/sertv.gob.pa\/nacionalfm\/wp-content\/uploads\/sites\/6\/2024\/04\/ECLIPSE-AYER-600x400.jpg 600w, https:\/\/sertv.gob.pa\/nacionalfm\/wp-content\/uploads\/sites\/6\/2024\/04\/ECLIPSE-AYER.jpg 768w\" sizes=\"(min-width: 2200px) 100vw, (min-width: 784px) 363px, (min-width: 712px) 545px, (min-width: 640px) 712px, \" \/><\/a><\/div><\/div><\/div><\/div><\/div><\/div><\/div><\/div>\n","protected":false},"excerpt":{"rendered":"","protected":false},"author":9,"featured_media":95006,"comment_status":"closed","ping_status":"closed","sticky":false,"template":"","format":"standard","meta":{"footnotes":""},"categories":[3],"tags":[],"class_list":["post-95005","post","type-post","status-publish","format-standard","has-post-thumbnail","hentry","category-internacionales"],"_links":{"self":[{"href":"https:\/\/sertv.gob.pa\/nacionalfm\/wp-json\/wp\/v2\/posts\/95005","targetHints":{"allow":["GET"]}}],"collection":[{"href":"https:\/\/sertv.gob.pa\/nacionalfm\/wp-json\/wp\/v2\/posts"}],"about":[{"href":"https:\/\/sertv.gob.pa\/nacionalfm\/wp-json\/wp\/v2\/types\/post"}],"author":[{"embeddable":true,"href":"https:\/\/sertv.gob.pa\/nacionalfm\/wp-json\/wp\/v2\/users\/9"}],"replies":[{"embeddable":true,"href":"https:\/\/sertv.gob.pa\/nacionalfm\/wp-json\/wp\/v2\/comments?post=95005"}],"version-history":[{"count":1,"href":"https:\/\/sertv.gob.pa\/nacionalfm\/wp-json\/wp\/v2\/posts\/95005\/revisions"}],"predecessor-version":[{"id":95008,"href":"https:\/\/sertv.gob.pa\/nacionalfm\/wp-json\/wp\/v2\/posts\/95005\/revisions\/95008"}],"wp:featuredmedia":[{"embeddable":true,"href":"https:\/\/sertv.gob.pa\/nacionalfm\/wp-json\/wp\/v2\/media\/95006"}],"wp:attachment":[{"href":"https:\/\/sertv.gob.pa\/nacionalfm\/wp-json\/wp\/v2\/media?parent=95005"}],"wp:term":[{"taxonomy":"category","embeddable":true,"href":"https:\/\/sertv.gob.pa\/nacionalfm\/wp-json\/wp\/v2\/categories?post=95005"},{"taxonomy":"post_tag","embeddable":true,"href":"https:\/\/sertv.gob.pa\/nacionalfm\/wp-json\/wp\/v2\/tags?post=95005"}],"curies":[{"name":"wp","href":"https:\/\/api.w.org\/{rel}","templated":true}]}}